{"id":16491,"date":"2010-01-20T00:01:38","date_gmt":"2010-01-19T23:01:38","guid":{"rendered":"http:\/\/www.editiondaslabor.de\/blog\/?p=16491"},"modified":"2021-10-25T06:49:57","modified_gmt":"2021-10-25T04:49:57","slug":"virtual-loosing","status":"publish","type":"post","link":"http:\/\/www.editiondaslabor.de\/blog\/2010\/01\/20\/virtual-loosing\/","title":{"rendered":"Positivalphabet"},"content":{"rendered":"<p><a href=\"http:\/\/www.editiondaslabor.de\/blog\/wp-content\/uploads\/2013\/08\/Positivalphabet.-jpg.jpg\"><img loading=\"lazy\" decoding=\"async\" class=\"size-full wp-image-16498 alignnone\" title=\"Positivalphabet. jpg\" src=\"http:\/\/www.editiondaslabor.de\/blog\/wp-content\/uploads\/2013\/08\/Positivalphabet.-jpg.jpg\" alt=\"\" width=\"784\" height=\"750\" srcset=\"http:\/\/www.editiondaslabor.de\/blog\/wp-content\/uploads\/2013\/08\/Positivalphabet.-jpg.jpg 784w, http:\/\/www.editiondaslabor.de\/blog\/wp-content\/uploads\/2013\/08\/Positivalphabet.-jpg-300x286.jpg 300w\" sizes=\"auto, (max-width: 784px) 100vw, 784px\" \/><\/a><\/p>\n<p>&nbsp;<\/p>\n<p style=\"text-align: justify;\"><strong>Weiterf\u00fchrend\u00a0\u2192\u00a0<\/strong><\/p>\n<p style=\"text-align: justify;\">Ein Buch muss keinen Nutzen haben. In der Zeit des Digitalen erlebt die Frage nach der Materialit\u00e4t von Literatur eine neue Bl\u00fcte.<\/p>\n<p style=\"text-align: justify;\">Zum Thema K\u00fcnstlerb\u00fccher finden Sie hier einen <a href=\"http:\/\/www.editiondaslabor.de\/blog\/?p=12840\">Essay<\/a> sowie ein <a href=\"http:\/\/www.editiondaslabor.de\/blog\/?p=834\">Artikel<\/a> von J.C. Albers. Vertiefend auch das <a href=\"http:\/\/www.editiondaslabor.de\/blog\/?p=21407\">Kollegengespr\u00e4ch<\/a> mit Haimo Hieronymus \u00fcber Material, Medium und Faszination des Werkstoffs Papier.<\/p>\n<p style=\"text-align: justify;\">K\u00fcnstlerb\u00fccher verstehen diese Artisten als Physiognomik, der B\u00fcchersammler wird somit zum Physiognomiker der Dingwelt. Die bibliophilen Kostbarkeiten sind erh\u00e4ltlich \u00fcber die Werkstattgalerie Der Bogen, Tel. 0173 7276421<\/p>\n","protected":false},"excerpt":{"rendered":"<p>&nbsp; Weiterf\u00fchrend\u00a0\u2192\u00a0 Ein Buch muss keinen Nutzen haben. In der Zeit des Digitalen erlebt die Frage nach der Materialit\u00e4t von Literatur eine neue Bl\u00fcte. Zum Thema K\u00fcnstlerb\u00fccher finden Sie hier einen Essay sowie ein Artikel von J.C. Albers. Vertiefend auch&hellip;<\/p>\n<p class=\"more-link-p\"><a class=\"more-link\" href=\"http:\/\/www.editiondaslabor.de\/blog\/2010\/01\/20\/virtual-loosing\/\">Read more &rarr;<\/a><\/p>\n","protected":false},"author":53,"featured_media":16498,"comment_status":"closed","ping_status":"open","sticky":false,"template":"","format":"standard","meta":{"footnotes":""},"categories":[1],"tags":[918],"class_list":["post-16491","post","type-post","status-publish","format-standard","has-post-thumbnail","hentry","category-literatur","tag-angelika-janz"],"_links":{"self":[{"href":"http:\/\/www.editiondaslabor.de\/blog\/wp-json\/wp\/v2\/posts\/16491","targetHints":{"allow":["GET"]}}],"collection":[{"href":"http:\/\/www.editiondaslabor.de\/blog\/wp-json\/wp\/v2\/posts"}],"about":[{"href":"http:\/\/www.editiondaslabor.de\/blog\/wp-json\/wp\/v2\/types\/post"}],"author":[{"embeddable":true,"href":"http:\/\/www.editiondaslabor.de\/blog\/wp-json\/wp\/v2\/users\/53"}],"replies":[{"embeddable":true,"href":"http:\/\/www.editiondaslabor.de\/blog\/wp-json\/wp\/v2\/comments?post=16491"}],"version-history":[{"count":0,"href":"http:\/\/www.editiondaslabor.de\/blog\/wp-json\/wp\/v2\/posts\/16491\/revisions"}],"wp:featuredmedia":[{"embeddable":true,"href":"http:\/\/www.editiondaslabor.de\/blog\/wp-json\/"}],"wp:attachment":[{"href":"http:\/\/www.editiondaslabor.de\/blog\/wp-json\/wp\/v2\/media?parent=16491"}],"wp:term":[{"taxonomy":"category","embeddable":true,"href":"http:\/\/www.editiondaslabor.de\/blog\/wp-json\/wp\/v2\/categories?post=16491"},{"taxonomy":"post_tag","embeddable":true,"href":"http:\/\/www.editiondaslabor.de\/blog\/wp-json\/wp\/v2\/tags?post=16491"}],"curies":[{"name":"wp","href":"https:\/\/api.w.org\/{rel}","templated":true}]}}