{"id":16465,"date":"1994-03-22T00:01:00","date_gmt":"1994-03-21T23:01:00","guid":{"rendered":"http:\/\/www.editiondaslabor.de\/blog\/?p=16465"},"modified":"2021-10-10T07:53:06","modified_gmt":"2021-10-10T05:53:06","slug":"boses-amt","status":"publish","type":"post","link":"http:\/\/www.editiondaslabor.de\/blog\/1994\/03\/22\/boses-amt\/","title":{"rendered":"B\u00f6ses Amt"},"content":{"rendered":"<p align=\"center\"><strong>\u00a0<\/strong><\/p>\n<p align=\"center\">wie sich Schl\u00e4ge,<\/p>\n<p align=\"center\">Vertr\u00e4ge \u00dcbel-<\/p>\n<p align=\"center\">keiten umrichten,<\/p>\n<p align=\"center\">wie sie tr\u00e4ge<\/p>\n<p align=\"center\">ihr Neuge-<\/p>\n<p align=\"center\">wichten auf Trau-<\/p>\n<p align=\"center\">liches breiten, wie dann<\/p>\n<p align=\"center\">die fetten, die filzigen<\/p>\n<p align=\"center\">Z\u00f6pfe, s\u00fclzigen K\u00f6pfe vor<\/p>\n<p align=\"center\">M\u00fcdigkeit in die Mo-<\/p>\n<p align=\"center\">toren, die offenen Messer<\/p>\n<p align=\"center\">schlagen, wie<\/p>\n<p align=\"center\">ichs wagen kann,<\/p>\n<p align=\"center\">der Schichten Beschauliches<\/p>\n<p align=\"center\">aufzubereiten, wie<\/p>\n<p align=\"center\">sich die Weiten der Poren<\/p>\n<p align=\"center\">nach <em>Aladinart<\/em> in<\/p>\n<p align=\"center\">die T\u00f6pfe vertrollen,<\/p>\n<p align=\"center\">die l\u00e4ngst aufgestellt von<\/p>\n<p align=\"center\">den verschollenen guten<\/p>\n<p align=\"center\">Geistern Auren<\/p>\n<p align=\"center\">verstr\u00f6men, oh un-<\/p>\n<p align=\"center\">erh\u00f6rt zu sein ist ein Amt!<\/p>\n<h5><\/h5>\n<p>&nbsp;<\/p>\n<p>&nbsp;<\/p>\n<div id=\"attachment_19507\" style=\"width: 309px\" class=\"wp-caption alignleft\"><a href=\"http:\/\/www.editiondaslabor.de\/blog\/wp-content\/uploads\/2014\/02\/Angelika-Janz.jpg\"><img loading=\"lazy\" decoding=\"async\" aria-describedby=\"caption-attachment-19507\" class=\"size-full wp-image-19507\" src=\"http:\/\/www.editiondaslabor.de\/blog\/wp-content\/uploads\/2014\/02\/Angelika-Janz.jpg\" alt=\"\" width=\"299\" height=\"253\" \/><\/a><p id=\"caption-attachment-19507\" class=\"wp-caption-text\">Angelika Janz<\/p><\/div>\n<p style=\"text-align: justify;\"><strong>Weiterf\u00fchrend\u00a0\u2192\u00a0<\/strong><\/p>\n<p style=\"text-align: justify;\">Lesen Sie auch das <a href=\"http:\/\/www.editiondaslabor.de\/blog\/?p=36409\">Kollegengespr\u00e4ch<\/a>, das A.J. Weigoni mit Angelika Janz \u00fcber den Zyklus <em>fern, fern<\/em> gef\u00fchrt hat. Vertiefend ein <a href=\"http:\/\/www.editiondaslabor.de\/blog\/?p=22835\">Portr\u00e4t <\/a>\u00fcber ihre interdisziplin\u00e4re T\u00e4tigkeit, sowie einen <a href=\"http:\/\/www.editiondaslabor.de\/blog\/?p=29450\">Essay<\/a> der <em>Fragmenttexterin<\/em>. Ebenfalls im KUNO-Archiv: Jan Kuhlbrodt mit einer <a href=\"http:\/\/www.editiondaslabor.de\/blog\/2012\/11\/05\/asthetische-prothetik\/\">Ann\u00e4herung<\/a> an die visuellen Arbeiten von Angelika Janz. Und nicht zuletzt, Michael Gratz \u00fcber Angelika Janz\u2018<a href=\"http:\/\/www.editiondaslabor.de\/blog\/2012\/11\/05\/freiraum\/\"> tEXt bILd<\/a><\/p>\n<p style=\"text-align: justify;\"><em><strong>\u2192 <\/strong><\/em>Poesie z\u00e4hlt f\u00fcr KUNO weiterhin zu den identit\u00e4ts- und identifikationstiftenden Elementen einer Kultur, dies bezeugte auch der Versuch einer<em><a href=\"http:\/\/www.editiondaslabor.de\/blog\/?p=25630\">poetologischen Positionsbestimmung<\/a>.<\/em><\/p>\n","protected":false},"excerpt":{"rendered":"<p>\u00a0 wie sich Schl\u00e4ge, Vertr\u00e4ge \u00dcbel- keiten umrichten, wie sie tr\u00e4ge ihr Neuge- wichten auf Trau- liches breiten, wie dann die fetten, die filzigen Z\u00f6pfe, s\u00fclzigen K\u00f6pfe vor M\u00fcdigkeit in die Mo- toren, die offenen Messer schlagen, wie ichs wagen&hellip;<\/p>\n<p class=\"more-link-p\"><a class=\"more-link\" href=\"http:\/\/www.editiondaslabor.de\/blog\/1994\/03\/22\/boses-amt\/\">Read more &rarr;<\/a><\/p>\n","protected":false},"author":53,"featured_media":19507,"comment_status":"closed","ping_status":"open","sticky":false,"template":"","format":"standard","meta":{"footnotes":""},"categories":[1],"tags":[918],"class_list":["post-16465","post","type-post","status-publish","format-standard","has-post-thumbnail","hentry","category-literatur","tag-angelika-janz"],"_links":{"self":[{"href":"http:\/\/www.editiondaslabor.de\/blog\/wp-json\/wp\/v2\/posts\/16465","targetHints":{"allow":["GET"]}}],"collection":[{"href":"http:\/\/www.editiondaslabor.de\/blog\/wp-json\/wp\/v2\/posts"}],"about":[{"href":"http:\/\/www.editiondaslabor.de\/blog\/wp-json\/wp\/v2\/types\/post"}],"author":[{"embeddable":true,"href":"http:\/\/www.editiondaslabor.de\/blog\/wp-json\/wp\/v2\/users\/53"}],"replies":[{"embeddable":true,"href":"http:\/\/www.editiondaslabor.de\/blog\/wp-json\/wp\/v2\/comments?post=16465"}],"version-history":[{"count":0,"href":"http:\/\/www.editiondaslabor.de\/blog\/wp-json\/wp\/v2\/posts\/16465\/revisions"}],"wp:featuredmedia":[{"embeddable":true,"href":"http:\/\/www.editiondaslabor.de\/blog\/wp-json\/"}],"wp:attachment":[{"href":"http:\/\/www.editiondaslabor.de\/blog\/wp-json\/wp\/v2\/media?parent=16465"}],"wp:term":[{"taxonomy":"category","embeddable":true,"href":"http:\/\/www.editiondaslabor.de\/blog\/wp-json\/wp\/v2\/categories?post=16465"},{"taxonomy":"post_tag","embeddable":true,"href":"http:\/\/www.editiondaslabor.de\/blog\/wp-json\/wp\/v2\/tags?post=16465"}],"curies":[{"name":"wp","href":"https:\/\/api.w.org\/{rel}","templated":true}]}}