{"id":16442,"date":"1995-07-22T00:01:12","date_gmt":"1995-07-21T22:01:12","guid":{"rendered":"http:\/\/www.editiondaslabor.de\/blog\/?p=16442"},"modified":"2021-07-07T13:18:54","modified_gmt":"2021-07-07T11:18:54","slug":"nostalgisches-problem","status":"publish","type":"post","link":"http:\/\/www.editiondaslabor.de\/blog\/1995\/07\/22\/nostalgisches-problem\/","title":{"rendered":"Nostalgisches Problem"},"content":{"rendered":"<p>&nbsp;<\/p>\n<p>vom monstrum produktionsger\u00e4t<br \/>\nverdr\u00e4ngt<\/p>\n<p>schreibst du,<br \/>\nwenn schwarzes gegen schwarz gedruckt<br \/>\ndein wort nicht gegen wei\u00dfes<br \/>\nschlagen kann.<\/p>\n<p>wie schreiben neben der maschine,<br \/>\n<em>ein arg elektrisch ding<\/em><em><br \/>\n<\/em>ohne sein tiefgeschw\u00e4rztes band<br \/>\ndas dich mit aller welt verbindet?<\/p>\n<p>wie schreiben, schicken, was beschickt ist<br \/>\nund einst verschickt sein will,<br \/>\nda jenes schwarze band<br \/>\num mitternacht nicht k\u00e4uflich ist?<\/p>\n<p><em>(Wie jetzt noch<br \/>\nverungl\u00fccken?)<\/em><\/p>\n<p>&nbsp;<\/p>\n<p><span style=\"font-family: 'Times New Roman';\">\u00a0<\/span><\/p>\n<p>&nbsp;<\/p>\n<p><a href=\"http:\/\/www.editiondaslabor.de\/blog\/wp-content\/uploads\/2014\/02\/Angelika-Janz.jpg\"><img loading=\"lazy\" decoding=\"async\" class=\"size-full wp-image-19507\" src=\"http:\/\/www.editiondaslabor.de\/blog\/wp-content\/uploads\/2014\/02\/Angelika-Janz.jpg\" alt=\"\" width=\"299\" height=\"253\" \/><\/a><\/p>\n<p>Weiterf\u00fchrend \u2192<\/p>\n<p style=\"text-align: justify;\">Lesen Sie auch das <a href=\"http:\/\/www.editiondaslabor.de\/blog\/?p=36409\">Kollegengespr\u00e4ch<\/a>, das A.J. Weigoni mit Angelika Janz \u00fcber den Zyklus <em>fern, fern<\/em> gef\u00fchrt hat. Vertiefend ein <a href=\"http:\/\/www.editiondaslabor.de\/blog\/?p=22835\">Portr\u00e4t <\/a>\u00fcber ihre interdisziplin\u00e4re T\u00e4tigkeit, sowie einen <a href=\"http:\/\/www.editiondaslabor.de\/blog\/?p=29450\">Essay<\/a> der <em>Fragmenttexterin.<\/em><\/p>\n","protected":false},"excerpt":{"rendered":"<p>&nbsp; vom monstrum produktionsger\u00e4t verdr\u00e4ngt schreibst du, wenn schwarzes gegen schwarz gedruckt dein wort nicht gegen wei\u00dfes schlagen kann. wie schreiben neben der maschine, ein arg elektrisch ding ohne sein tiefgeschw\u00e4rztes band das dich mit aller welt verbindet? wie schreiben,&hellip;<\/p>\n<p class=\"more-link-p\"><a class=\"more-link\" href=\"http:\/\/www.editiondaslabor.de\/blog\/1995\/07\/22\/nostalgisches-problem\/\">Read more &rarr;<\/a><\/p>\n","protected":false},"author":53,"featured_media":19500,"comment_status":"closed","ping_status":"open","sticky":false,"template":"","format":"standard","meta":{"footnotes":""},"categories":[1],"tags":[918],"class_list":["post-16442","post","type-post","status-publish","format-standard","has-post-thumbnail","hentry","category-literatur","tag-angelika-janz"],"_links":{"self":[{"href":"http:\/\/www.editiondaslabor.de\/blog\/wp-json\/wp\/v2\/posts\/16442","targetHints":{"allow":["GET"]}}],"collection":[{"href":"http:\/\/www.editiondaslabor.de\/blog\/wp-json\/wp\/v2\/posts"}],"about":[{"href":"http:\/\/www.editiondaslabor.de\/blog\/wp-json\/wp\/v2\/types\/post"}],"author":[{"embeddable":true,"href":"http:\/\/www.editiondaslabor.de\/blog\/wp-json\/wp\/v2\/users\/53"}],"replies":[{"embeddable":true,"href":"http:\/\/www.editiondaslabor.de\/blog\/wp-json\/wp\/v2\/comments?post=16442"}],"version-history":[{"count":0,"href":"http:\/\/www.editiondaslabor.de\/blog\/wp-json\/wp\/v2\/posts\/16442\/revisions"}],"wp:featuredmedia":[{"embeddable":true,"href":"http:\/\/www.editiondaslabor.de\/blog\/wp-json\/"}],"wp:attachment":[{"href":"http:\/\/www.editiondaslabor.de\/blog\/wp-json\/wp\/v2\/media?parent=16442"}],"wp:term":[{"taxonomy":"category","embeddable":true,"href":"http:\/\/www.editiondaslabor.de\/blog\/wp-json\/wp\/v2\/categories?post=16442"},{"taxonomy":"post_tag","embeddable":true,"href":"http:\/\/www.editiondaslabor.de\/blog\/wp-json\/wp\/v2\/tags?post=16442"}],"curies":[{"name":"wp","href":"https:\/\/api.w.org\/{rel}","templated":true}]}}