{"id":16035,"date":"2013-06-20T15:43:52","date_gmt":"2013-06-20T13:43:52","guid":{"rendered":"http:\/\/www.editiondaslabor.de\/blog\/?p=16035"},"modified":"2020-07-06T15:15:10","modified_gmt":"2020-07-06T13:15:10","slug":"pro-vinz","status":"publish","type":"post","link":"http:\/\/www.editiondaslabor.de\/blog\/2013\/06\/20\/pro-vinz\/","title":{"rendered":"Pro Vinz"},"content":{"rendered":"<p><a href=\"http:\/\/www.editiondaslabor.de\/blog\/wp-content\/uploads\/2013\/06\/001.jpg\"><img loading=\"lazy\" decoding=\"async\" class=\"size-full wp-image-16036 aligncenter\" title=\"001\" src=\"http:\/\/www.editiondaslabor.de\/blog\/wp-content\/uploads\/2013\/06\/001.jpg\" alt=\"\" width=\"1408\" height=\"2716\" srcset=\"http:\/\/www.editiondaslabor.de\/blog\/wp-content\/uploads\/2013\/06\/001.jpg 1408w, http:\/\/www.editiondaslabor.de\/blog\/wp-content\/uploads\/2013\/06\/001-155x300.jpg 155w\" sizes=\"auto, (max-width: 1408px) 100vw, 1408px\" \/><\/a><\/p>\n\n\n<p><strong>Weiterf\u00fchrend<\/strong>&nbsp;\u2192<\/p>\n\n\n\n<p>Holger Benkel schrieb \u00fcber Manzanita einen <a href=\"http:\/\/www.editiondaslabor.de\/blog\/2019\/06\/26\/wohnraeume-der-poesie-2\/\">Rezensionessay<\/a>. Lesen Sie auch KUNOs <a href=\"http:\/\/www.editiondaslabor.de\/blog\/2013\/12\/10\/zur-gattung-essay\/\">Hommage<\/a> an die Gattung des Essays. Die W\u00fcrdigung des Hungertuchpreistr\u00e4gers Peter Engstler finden Sie&nbsp;<a href=\"http:\/\/www.editiondaslabor.de\/blog\/2009\/08\/10\/das-hungertuch-fuer-peter-engstler\/\">hier<\/a>.\n Poesie z\u00e4hlt f\u00fcr KUNO weiterhin zu den identit\u00e4ts- und \nidentifikationstiftenden Elementen einer Kultur, dies bezeugte auch der \nVersuch einer <a href=\"http:\/\/www.editiondaslabor.de\/blog\/?p=25630\">poetologischen Positionsbestimmung<\/a>.<\/p>\n","protected":false},"excerpt":{"rendered":"<p>Weiterf\u00fchrend&nbsp;\u2192 Holger Benkel schrieb \u00fcber Manzanita einen Rezensionessay. Lesen Sie auch KUNOs Hommage an die Gattung des Essays. Die W\u00fcrdigung des Hungertuchpreistr\u00e4gers Peter Engstler finden Sie&nbsp;hier. Poesie z\u00e4hlt f\u00fcr KUNO weiterhin zu den identit\u00e4ts- und identifikationstiftenden Elementen einer Kultur, dies&hellip;<\/p>\n<p class=\"more-link-p\"><a class=\"more-link\" href=\"http:\/\/www.editiondaslabor.de\/blog\/2013\/06\/20\/pro-vinz\/\">Read more &rarr;<\/a><\/p>\n","protected":false},"author":257,"featured_media":802,"comment_status":"closed","ping_status":"open","sticky":false,"template":"","format":"standard","meta":{"footnotes":""},"categories":[1],"tags":[130],"class_list":["post-16035","post","type-post","status-publish","format-standard","has-post-thumbnail","hentry","category-literatur","tag-peter-engstler"],"_links":{"self":[{"href":"http:\/\/www.editiondaslabor.de\/blog\/wp-json\/wp\/v2\/posts\/16035","targetHints":{"allow":["GET"]}}],"collection":[{"href":"http:\/\/www.editiondaslabor.de\/blog\/wp-json\/wp\/v2\/posts"}],"about":[{"href":"http:\/\/www.editiondaslabor.de\/blog\/wp-json\/wp\/v2\/types\/post"}],"author":[{"embeddable":true,"href":"http:\/\/www.editiondaslabor.de\/blog\/wp-json\/wp\/v2\/users\/257"}],"replies":[{"embeddable":true,"href":"http:\/\/www.editiondaslabor.de\/blog\/wp-json\/wp\/v2\/comments?post=16035"}],"version-history":[{"count":0,"href":"http:\/\/www.editiondaslabor.de\/blog\/wp-json\/wp\/v2\/posts\/16035\/revisions"}],"wp:featuredmedia":[{"embeddable":true,"href":"http:\/\/www.editiondaslabor.de\/blog\/wp-json\/"}],"wp:attachment":[{"href":"http:\/\/www.editiondaslabor.de\/blog\/wp-json\/wp\/v2\/media?parent=16035"}],"wp:term":[{"taxonomy":"category","embeddable":true,"href":"http:\/\/www.editiondaslabor.de\/blog\/wp-json\/wp\/v2\/categories?post=16035"},{"taxonomy":"post_tag","embeddable":true,"href":"http:\/\/www.editiondaslabor.de\/blog\/wp-json\/wp\/v2\/tags?post=16035"}],"curies":[{"name":"wp","href":"https:\/\/api.w.org\/{rel}","templated":true}]}}