{"id":16011,"date":"2013-06-21T00:01:19","date_gmt":"2013-06-20T22:01:19","guid":{"rendered":"http:\/\/www.editiondaslabor.de\/blog\/?p=16011"},"modified":"2019-10-05T17:02:13","modified_gmt":"2019-10-05T15:02:13","slug":"wucherung-2","status":"publish","type":"post","link":"http:\/\/www.editiondaslabor.de\/blog\/2013\/06\/21\/wucherung-2\/","title":{"rendered":"Wucherung"},"content":{"rendered":"<p style=\"text-align: justify;\"><a href=\"http:\/\/www.editiondaslabor.de\/blog\/wp-content\/uploads\/2013\/06\/Wucherung.jpg\"><img loading=\"lazy\" decoding=\"async\" class=\"alignleft size-medium wp-image-16012\" title=\"Wucherung\" src=\"http:\/\/www.editiondaslabor.de\/blog\/wp-content\/uploads\/2013\/06\/Wucherung-200x300.jpg\" alt=\"\" width=\"200\" height=\"300\" srcset=\"http:\/\/www.editiondaslabor.de\/blog\/wp-content\/uploads\/2013\/06\/Wucherung-200x300.jpg 200w, http:\/\/www.editiondaslabor.de\/blog\/wp-content\/uploads\/2013\/06\/Wucherung.jpg 640w\" sizes=\"auto, (max-width: 200px) 100vw, 200px\" \/><\/a>Es ist der \u00e4lteste Stadtteil von Arnsberg &#8211;\u00a0 und der h\u00e4\u00dflichste. Abgesehen vom Stadion Gro\u00dfe Wiese, in der H\u00fcsten 09 schon einigne westf\u00e4lischen Mannschaften das F\u00fcrchten lehrte, gibt es keinen Grund, diesen Orteil zu besuchen. Bis jetzt.<\/p>\n<p style=\"text-align: justify;\">Vom 21. auf den 22. 06. findet in einem leerstehenden Ladenlokal der H\u00fcstener Ludgeripassage wieder einmal eine neue Wucherung statt. Es entsteht eine Installtion aus Wellpappe und Farbe.<\/p>\n<p style=\"text-align: justify;\">Bisher haben Alischa Leutner, Sebastian Ziemann, Stephanie Neuhaus, Sebastian Witt, Yanik Ro\u00dfmann und Haimo Hieronymus zugesagt mitzumachen.<\/p>\n<p style=\"text-align: justify;\">Wie schon 2012 in Dortmund ist es eine 24 Stunden Aktion geplant. Gegen 16 Uhr starten die Wucherungen am Freitag. Am Samstag, dem 22.06.2013 ist die Installation f\u00fcr den Publikumsverkehr ab 16 Uhr ge\u00f6ffnet.<\/p>\n<p style=\"text-align: justify;\">Nachts begleitet die Artisten Onetronic, der die Ohren mit satten und feinen Kl\u00e4ngen beschallen wird.<\/p>\n<p style=\"text-align: center;\">***<\/p>\n<p style=\"text-align: justify;\"><span style=\"color: #888888;\">Anmerkung der Redaktion:<\/span> Fotos zur Wucherung in Dortmund findet man <a href=\"http:\/\/www.haimo.de\/?page_id=213\">unter<\/a>.<\/p>\n","protected":false},"excerpt":{"rendered":"<p>Es ist der \u00e4lteste Stadtteil von Arnsberg &#8211;\u00a0 und der h\u00e4\u00dflichste. Abgesehen vom Stadion Gro\u00dfe Wiese, in der H\u00fcsten 09 schon einigne westf\u00e4lischen Mannschaften das F\u00fcrchten lehrte, gibt es keinen Grund, diesen Orteil zu besuchen. Bis jetzt. Vom 21. auf&hellip;<\/p>\n<p class=\"more-link-p\"><a class=\"more-link\" href=\"http:\/\/www.editiondaslabor.de\/blog\/2013\/06\/21\/wucherung-2\/\">Read more &rarr;<\/a><\/p>\n","protected":false},"author":257,"featured_media":0,"comment_status":"closed","ping_status":"open","sticky":false,"template":"","format":"standard","meta":{"footnotes":""},"categories":[1],"tags":[1251,44,1253,1252,959],"class_list":["post-16011","post","type-post","status-publish","format-standard","hentry","category-literatur","tag-alischa-leutner","tag-haimo-hieronymus","tag-sebastian-witt","tag-sebastian-ziemann","tag-stephanie-neuhaus"],"_links":{"self":[{"href":"http:\/\/www.editiondaslabor.de\/blog\/wp-json\/wp\/v2\/posts\/16011","targetHints":{"allow":["GET"]}}],"collection":[{"href":"http:\/\/www.editiondaslabor.de\/blog\/wp-json\/wp\/v2\/posts"}],"about":[{"href":"http:\/\/www.editiondaslabor.de\/blog\/wp-json\/wp\/v2\/types\/post"}],"author":[{"embeddable":true,"href":"http:\/\/www.editiondaslabor.de\/blog\/wp-json\/wp\/v2\/users\/257"}],"replies":[{"embeddable":true,"href":"http:\/\/www.editiondaslabor.de\/blog\/wp-json\/wp\/v2\/comments?post=16011"}],"version-history":[{"count":0,"href":"http:\/\/www.editiondaslabor.de\/blog\/wp-json\/wp\/v2\/posts\/16011\/revisions"}],"wp:attachment":[{"href":"http:\/\/www.editiondaslabor.de\/blog\/wp-json\/wp\/v2\/media?parent=16011"}],"wp:term":[{"taxonomy":"category","embeddable":true,"href":"http:\/\/www.editiondaslabor.de\/blog\/wp-json\/wp\/v2\/categories?post=16011"},{"taxonomy":"post_tag","embeddable":true,"href":"http:\/\/www.editiondaslabor.de\/blog\/wp-json\/wp\/v2\/tags?post=16011"}],"curies":[{"name":"wp","href":"https:\/\/api.w.org\/{rel}","templated":true}]}}