{"id":15994,"date":"2005-10-28T00:01:56","date_gmt":"2005-10-27T22:01:56","guid":{"rendered":"http:\/\/www.editiondaslabor.de\/blog\/?p=15994"},"modified":"2022-02-20T15:10:10","modified_gmt":"2022-02-20T14:10:10","slug":"kleine-gedichtleere","status":"publish","type":"post","link":"http:\/\/www.editiondaslabor.de\/blog\/2005\/10\/28\/kleine-gedichtleere\/","title":{"rendered":"kleine gedichtleere"},"content":{"rendered":"<p>&nbsp;<\/p>\r\n<p>es ist nicht leicht f\u00fcr ein gedicht<\/p>\r\n<p>still zu sein zu schweigen<\/p>\r\n<p>nichts zu sagen zu haben<\/p>\r\n<p>&nbsp;<\/p>\r\n<p>es ist nicht leicht f\u00fcr ein gedicht<\/p>\r\n<p>leser zu finden<\/p>\r\n<p>f\u00fcr das wor\u00fcber es nichts sagt und schweigt<\/p>\r\n<p>&nbsp;<\/p>\r\n<p>es ist nicht leicht f\u00fcr ein gedicht<\/p>\r\n<p>nicht geschrieben zu werden<\/p>\r\n<p>weil es nichts zu sagen hat<\/p>\r\n<p>und auf einer leeren seite zu stehen die keiner liest<\/p>\r\n<p>&nbsp;<\/p>\r\n<p><em>F\u00fcr Axel Kutsch<\/em><\/p>\r\n<p>&nbsp;<\/p>\r\n<!-- \/wp:post-content -->\r\n\r\n<!-- wp:paragraph {\"align\":\"center\"} -->\r\n<div class=\"wp-block-image\">\r\n<figure class=\"alignleft\">\r\n<p class=\"hide-if-no-js\" style=\"text-align: justify;\"><a id=\"set-post-thumbnail\" class=\"thickbox\" href=\"http:\/\/www.editiondaslabor.de\/blog\/wp-admin\/media-upload.php?post_id=28066&amp;type=image&amp;TB_iframe=1\" aria-describedby=\"set-post-thumbnail-desc\"><img loading=\"lazy\" decoding=\"async\" class=\"attachment-266x266 size-266x266 alignleft\" src=\"http:\/\/www.editiondaslabor.de\/blog\/wp-content\/uploads\/2013\/09\/Andreas-Noga.jpeg\" alt=\"\" width=\"159\" height=\"234\" \/><\/a><strong>Weiterf\u00fchrend \u2192\u00a0<\/strong><\/p>\r\n<p class=\"hide-if-no-js\" style=\"text-align: justify;\">\u00dcber die Qualit\u00e4t von Andreas Noga als Lyriker und Performer lesen sie <a href=\"http:\/\/www.editiondaslabor.de\/blog\/2011\/01\/15\/bewegung-ins-offene\/\">hier<\/a>.<\/p>\r\n<p style=\"text-align: justify;\">KUNO widmet dem Gedicht auch in diesem Jahr den genauen Blick, das aufmerksame, geduldige, ins Denken gedrehte Lesen und Wiederlesen, dies bezeugte auch der Versuch einer <a href=\"http:\/\/www.editiondaslabor.de\/blog\/?p=25630\">poetologischen Positionsbestimmung<\/a>.<\/p>\r\n<p style=\"text-align: justify;\">\u00a0<\/p>\r\n<\/figure>\r\n<\/div>\r\n<p>&nbsp;<\/p>\r\n<p>&nbsp;<\/p>\r\n<p>&nbsp;<\/p>","protected":false},"excerpt":{"rendered":"<p>&nbsp; es ist nicht leicht f\u00fcr ein gedicht still zu sein zu schweigen nichts zu sagen zu haben &nbsp; es ist nicht leicht f\u00fcr ein gedicht leser zu finden f\u00fcr das wor\u00fcber es nichts sagt und schweigt &nbsp; es ist&hellip;<\/p>\n<p class=\"more-link-p\"><a class=\"more-link\" href=\"http:\/\/www.editiondaslabor.de\/blog\/2005\/10\/28\/kleine-gedichtleere\/\">Read more &rarr;<\/a><\/p>\n","protected":false},"author":17,"featured_media":98731,"comment_status":"closed","ping_status":"open","sticky":false,"template":"","format":"standard","meta":{"footnotes":""},"categories":[1],"tags":[89,104],"class_list":["post-15994","post","type-post","status-publish","format-standard","has-post-thumbnail","hentry","category-literatur","tag-andreas-noga","tag-axel-kutsch"],"_links":{"self":[{"href":"http:\/\/www.editiondaslabor.de\/blog\/wp-json\/wp\/v2\/posts\/15994","targetHints":{"allow":["GET"]}}],"collection":[{"href":"http:\/\/www.editiondaslabor.de\/blog\/wp-json\/wp\/v2\/posts"}],"about":[{"href":"http:\/\/www.editiondaslabor.de\/blog\/wp-json\/wp\/v2\/types\/post"}],"author":[{"embeddable":true,"href":"http:\/\/www.editiondaslabor.de\/blog\/wp-json\/wp\/v2\/users\/17"}],"replies":[{"embeddable":true,"href":"http:\/\/www.editiondaslabor.de\/blog\/wp-json\/wp\/v2\/comments?post=15994"}],"version-history":[{"count":4,"href":"http:\/\/www.editiondaslabor.de\/blog\/wp-json\/wp\/v2\/posts\/15994\/revisions"}],"predecessor-version":[{"id":98791,"href":"http:\/\/www.editiondaslabor.de\/blog\/wp-json\/wp\/v2\/posts\/15994\/revisions\/98791"}],"wp:featuredmedia":[{"embeddable":true,"href":"http:\/\/www.editiondaslabor.de\/blog\/wp-json\/wp\/v2\/media\/98731"}],"wp:attachment":[{"href":"http:\/\/www.editiondaslabor.de\/blog\/wp-json\/wp\/v2\/media?parent=15994"}],"wp:term":[{"taxonomy":"category","embeddable":true,"href":"http:\/\/www.editiondaslabor.de\/blog\/wp-json\/wp\/v2\/categories?post=15994"},{"taxonomy":"post_tag","embeddable":true,"href":"http:\/\/www.editiondaslabor.de\/blog\/wp-json\/wp\/v2\/tags?post=15994"}],"curies":[{"name":"wp","href":"https:\/\/api.w.org\/{rel}","templated":true}]}}