{"id":15970,"date":"2013-06-01T11:11:32","date_gmt":"2013-06-01T09:11:32","guid":{"rendered":"http:\/\/www.editiondaslabor.de\/blog\/?p=15970"},"modified":"2021-05-05T10:57:19","modified_gmt":"2021-05-05T08:57:19","slug":"verleihung-des-v-o-stomps-preises-auf-der-mainzer-minipressen-messe-mmpm","status":"publish","type":"post","link":"http:\/\/www.editiondaslabor.de\/blog\/2013\/06\/01\/verleihung-des-v-o-stomps-preises-auf-der-mainzer-minipressen-messe-mmpm\/","title":{"rendered":"Verleihung des V.O. Stomps &#8211; Preises auf der Mainzer Minipressen-Messe (MMPM)"},"content":{"rendered":"<p>&nbsp;<\/p>\n<p style=\"text-align: justify;\">Kurz vor 14.00 Uhr befinden sich noch wenige G\u00e4ste in der Rheingoldhalle, in Ruhe schlendern die Anwesenden\u00a0 durch die G\u00e4nge der Minipressenmesse, betrachten einzelne St\u00e4nde der Kleinverlage, besonders beeindruckend zudem zahlreich vorhanden, handgefertigte B\u00fccher mit Texten und Bildern zeitgen\u00f6ssischer Kunst. Ehrf\u00fcrchtig stehen die Besucher davor, wagen kaum, die Werke zu \u00f6ffnen, hinter edel gestalteten Einb\u00e4nden verbergen sich erlesene Drucke.<\/p>\n<p style=\"text-align: justify;\"><a href=\"http:\/\/www.editiondaslabor.de\/blog\/wp-content\/uploads\/2013\/06\/IMG_0481.jpg\"><img loading=\"lazy\" decoding=\"async\" class=\"alignleft size-medium wp-image-15972\" title=\"IMG_0481\" src=\"http:\/\/www.editiondaslabor.de\/blog\/wp-content\/uploads\/2013\/06\/IMG_0481-300x225.jpg\" alt=\"\" width=\"300\" height=\"225\" srcset=\"http:\/\/www.editiondaslabor.de\/blog\/wp-content\/uploads\/2013\/06\/IMG_0481-300x225.jpg 300w, http:\/\/www.editiondaslabor.de\/blog\/wp-content\/uploads\/2013\/06\/IMG_0481-1024x768.jpg 1024w\" sizes=\"auto, (max-width: 300px) 100vw, 300px\" \/><\/a>Im Eingangsbereich werden Rednerpult, Mikrofon und Plakat zurechtger\u00fcckt, Kameram\u00e4nner und Fotografen positionieren sich in den vorderen Reihen. Die Kulturdezernentin der Landeshauptstadt Mainz, Marianne Grosse, er\u00f6ffnet die 22. Mainzer Minipressenmesse, w\u00e4hrend sich die Halle f\u00fcllt. Etwa 10.000 Besucher erwartet die Messe jedes Jahr sowie \u00fcber 300 Aussteller. Zum ersten Mal seit 1987 findet die Messe nicht in den Zelten am Rhein, sondern in der Rheingoldhalle statt, vor Wind und Wetter gesch\u00fctzt, m\u00fcssen die Verleger nun nicht mehr um ihre aufwendig hergestellten Werke bangen. Vor dem Eingang befindet sich aus Nostalgie noch ein Lesezelt, das an die Zeiten am Rhein erinnern soll. Pr\u00e4sentatoren aus aller Welt werden willkommen gehei\u00dfen, aus Sydney, Spanien, Japan, Burgund reisten Kleinverleger an, um ihre Arbeiten in Mainz zu vorzustellen. Nach einer Laudatio werden die Preise verliehen. Der mit 3500.- Euro dotierte V.O.-Stomps-Preis geht an Christian Ewald mit seiner Katzenbogen-Presse, der F\u00f6rderpreis mit 1500.- Euro an die Schweizer Verleger Theo und Ursula Hurter der SchwarzHandPresse.<\/p>\n<p style=\"text-align: justify;\"><a href=\"http:\/\/www.editiondaslabor.de\/blog\/wp-content\/uploads\/2013\/06\/IMG_0498.jpg\"><img loading=\"lazy\" decoding=\"async\" class=\"size-medium wp-image-15973 alignright\" title=\"IMG_0498\" src=\"http:\/\/www.editiondaslabor.de\/blog\/wp-content\/uploads\/2013\/06\/IMG_0498-300x225.jpg\" alt=\"\" width=\"300\" height=\"225\" srcset=\"http:\/\/www.editiondaslabor.de\/blog\/wp-content\/uploads\/2013\/06\/IMG_0498-300x225.jpg 300w, http:\/\/www.editiondaslabor.de\/blog\/wp-content\/uploads\/2013\/06\/IMG_0498-1024x768.jpg 1024w\" sizes=\"auto, (max-width: 300px) 100vw, 300px\" \/><\/a>Auf blauer Wellpappe mit silberner Handschrift befindet sich auf 8,5 Metern das <em>Columbus-Logbuch<\/em> des Gewinners, das als Welle auseinanderfallen kann. Christian Ewald verpackt seine Arbeiten in Schachteln wie auch in anderen Gegenst\u00e4nden, mit denen er R\u00e4ume f\u00fcr B\u00fccher und damit Welten schafft. Aus dem Druckerhandwerk stammend, stellte er bereits in der ehemaligen DDR, in Weimar, mit einer Handpresse, neben dem bestehenden Buchmarkt, eigene Schriften her.<\/p>\n<p style=\"text-align: justify;\">Seit 1992 publiziert der einstige Schreiner, Theo Hurter, in Zusammenarbeit mit K\u00fcnstlern und Autoren originalgraphische B\u00fccher, die vom Layout, \u00fcber Druck bis zur Bindung in der SchwarzHandPresse hergestellt werden.<\/p>\n<p style=\"text-align: justify;\">Nach der Preisverleihung dr\u00e4ngen die Besucher durch die G\u00e4nge der Messe, vor den beeindruckendsten, handgebundenen Werken bilden sich Menschentrauben. Die Verlage f\u00fchren anmutig ihre Kunstwerke vor, bl\u00e4ttern behutsam, um ein Zerknicken der Seiten zu verhindern.<\/p>\n<p style=\"text-align: justify;\"><a href=\"http:\/\/www.editiondaslabor.de\/blog\/wp-content\/uploads\/2013\/06\/IMG_0503.jpg\"><img loading=\"lazy\" decoding=\"async\" class=\"alignleft size-medium wp-image-15974\" title=\"IMG_0503\" src=\"http:\/\/www.editiondaslabor.de\/blog\/wp-content\/uploads\/2013\/06\/IMG_0503-300x225.jpg\" alt=\"\" width=\"300\" height=\"225\" srcset=\"http:\/\/www.editiondaslabor.de\/blog\/wp-content\/uploads\/2013\/06\/IMG_0503-300x225.jpg 300w, http:\/\/www.editiondaslabor.de\/blog\/wp-content\/uploads\/2013\/06\/IMG_0503-1024x768.jpg 1024w\" sizes=\"auto, (max-width: 300px) 100vw, 300px\" \/><\/a>In Reihe D befinden sich aufwendig gearbeitete Bilder- neben Minib\u00fcchern, die wahrlich nicht in Kinderh\u00e4nde geh\u00f6ren. Originalgrafische Schriften, Unikate, Mappenwerke des Buchk\u00fcnstlers Rainer Ehrt, H\u00e4user-Miniaturen von Richard Wetzel, B\u00fccher in Bootsform von Anja Harms und Eberhard M\u00fcller-Fries, Gem\u00e4lde, Holzb\u00fccher, die Literaturzeitschrift Bella Triste sowie die Pr\u00e4sentationen weiterer zahlreicher Kunstverleger lassen erahnen, dass trotz aller Widrigkeiten unserer Zeit, Kunst \u00fcberleben will und wird.<\/p>\n<p>&nbsp;<\/p>\n<p>&nbsp;<\/p>\n<p style=\"text-align: justify;\"><strong>Weiterf\u00fchrend \u2192<\/strong> Zum Thema K\u00fcnstlerb\u00fccher finden Sie hier einen <a href=\"http:\/\/www.editiondaslabor.de\/blog\/?p=12840\">Essay<\/a> sowie einen <a href=\"http:\/\/www.editiondaslabor.de\/blog\/?p=834\">Artikel<\/a> von J.C. Albers. Vertiefend auch das <a href=\"http:\/\/www.editiondaslabor.de\/blog\/?p=21407\">Kollegengespr\u00e4ch<\/a> mit Haimo Hieronymus.<\/p>\n<p style=\"text-align: justify;\">Die K\u00fcnstlerbucher sind erh\u00e4ltlich \u00fcber die Werkstattgalerie Der Bogen, Tel. 0173 7276421<\/p>\n","protected":false},"excerpt":{"rendered":"<p>&nbsp; Kurz vor 14.00 Uhr befinden sich noch wenige G\u00e4ste in der Rheingoldhalle, in Ruhe schlendern die Anwesenden\u00a0 durch die G\u00e4nge der Minipressenmesse, betrachten einzelne St\u00e4nde der Kleinverlage, besonders beeindruckend zudem zahlreich vorhanden, handgefertigte B\u00fccher mit Texten und Bildern zeitgen\u00f6ssischer&hellip;<\/p>\n<p class=\"more-link-p\"><a class=\"more-link\" href=\"http:\/\/www.editiondaslabor.de\/blog\/2013\/06\/01\/verleihung-des-v-o-stomps-preises-auf-der-mainzer-minipressen-messe-mmpm\/\">Read more &rarr;<\/a><\/p>\n","protected":false},"author":61,"featured_media":12241,"comment_status":"closed","ping_status":"open","sticky":false,"template":"","format":"standard","meta":{"footnotes":""},"categories":[1],"tags":[1031,1250,1063],"class_list":["post-15970","post","type-post","status-publish","format-standard","has-post-thumbnail","hentry","category-literatur","tag-anja-wurm","tag-christian-ewald","tag-victor-otto-stomps"],"_links":{"self":[{"href":"http:\/\/www.editiondaslabor.de\/blog\/wp-json\/wp\/v2\/posts\/15970","targetHints":{"allow":["GET"]}}],"collection":[{"href":"http:\/\/www.editiondaslabor.de\/blog\/wp-json\/wp\/v2\/posts"}],"about":[{"href":"http:\/\/www.editiondaslabor.de\/blog\/wp-json\/wp\/v2\/types\/post"}],"author":[{"embeddable":true,"href":"http:\/\/www.editiondaslabor.de\/blog\/wp-json\/wp\/v2\/users\/61"}],"replies":[{"embeddable":true,"href":"http:\/\/www.editiondaslabor.de\/blog\/wp-json\/wp\/v2\/comments?post=15970"}],"version-history":[{"count":0,"href":"http:\/\/www.editiondaslabor.de\/blog\/wp-json\/wp\/v2\/posts\/15970\/revisions"}],"wp:featuredmedia":[{"embeddable":true,"href":"http:\/\/www.editiondaslabor.de\/blog\/wp-json\/"}],"wp:attachment":[{"href":"http:\/\/www.editiondaslabor.de\/blog\/wp-json\/wp\/v2\/media?parent=15970"}],"wp:term":[{"taxonomy":"category","embeddable":true,"href":"http:\/\/www.editiondaslabor.de\/blog\/wp-json\/wp\/v2\/categories?post=15970"},{"taxonomy":"post_tag","embeddable":true,"href":"http:\/\/www.editiondaslabor.de\/blog\/wp-json\/wp\/v2\/tags?post=15970"}],"curies":[{"name":"wp","href":"https:\/\/api.w.org\/{rel}","templated":true}]}}