{"id":15764,"date":"2013-12-13T12:32:40","date_gmt":"2013-12-13T11:32:40","guid":{"rendered":"http:\/\/www.editiondaslabor.de\/blog\/?p=15764"},"modified":"2021-03-09T06:40:56","modified_gmt":"2021-03-09T05:40:56","slug":"schimpfen-auszug-4","status":"publish","type":"post","link":"http:\/\/www.editiondaslabor.de\/blog\/2013\/12\/13\/schimpfen-auszug-4\/","title":{"rendered":"Schimpfen, Auszug"},"content":{"rendered":"<p>&nbsp;<\/p>\n<p style=\"text-align: justify;\">Abschlie\u00dfend und zum letzten Mal im einvernehmlichen Plural zusammenfindend, m\u00f6chten wir noch anmerken, da\u00df wir zu Beginn unseres Projektes unseren altert\u00fcmlichen Computer in seiner Bibliothek aufsuchten, das Rechtschreibprogramm also abfragend, worauf er bereits unser erstes Wort als nicht auffindbar auswies. Er lie\u00df es dabei nat\u00fcrlich nicht bewenden und bot uns als Alternative hierzu das Wort SARG an. Von dieser Symbolik mehr als nur beeindruckt, stand, das geben wir nunmehr zu, unser Projekt tats\u00e4chlich, wie soll man sagen, auf der Kippe. Und das mit dem ersten Wort unseres sprachlichen Ausfluges. Eine entmutigende Aussicht. H\u00e4tten wir uns doch, h\u00f6ren wir so manchen und durch das Ende dieses Schreibwerkes nun erleichterten Leser im Aufatmen ein leichtes St\u00f6hnen soufflierend, auf dieser Klippe f\u00fcr den Sprung in die Sprachlosigkeit entschieden. Doch jetzt, da wir die Klappe f\u00fcr den Sarg schlie\u00dfen, um dem Hinweis unseres Schreibwerkzeuges zu folgen und unsere Bem\u00fchungen hiermit zu beenden, gewahren wir als letzten Lichtblick eine Best\u00e4tigung unseres vielleicht aussichtslosen Tuns. S\u00e4rge bieten nur noch wenig Aussicht, wie Auferstandene berichten, denen jedoch weder ich, der K\u00fcnstler Meinen noch dessen Erz\u00e4hler Zeit ihres Lebens begegnet sind. Es ist letztlich doch nur der Mut zu jener Aussichtslosigkeit, der uns vorantreibt, auch oder gerade wenn man am Ende ist. Nur dies beschreibt in seinem Aufbegehren best\u00e4ndig jeden Anfang. Die Muse k\u00fc\u00dft die Sch\u00f6nheit dieses Anfangs, wenn wir sie mit unserem Charme umgarnen, ohne sie zu fesseln. Wenn wir im Schatten eines Wortes das Leuchten seines kleinen Wollens bemerken. Und sei es in der Abst\u00fctzung einer K\u00fcnstlichkeit, wenn wir dem letzten Zeichen unserer Buchstabenkette die Behauptung seines Endes g\u00f6nnen: GRAZ.<\/p>\n<p>&nbsp;<\/p>\n<p style=\"text-align: center;\">***<\/p>\n<p style=\"text-align: justify;\"><strong><a href=\"http:\/\/www.editiondaslabor.de\/blog\/wp-content\/uploads\/2013\/12\/CoverSchimpfen.jpg\"><img loading=\"lazy\" decoding=\"async\" class=\"alignleft size-full wp-image-15777\" title=\"CoverSchimpfen\" src=\"http:\/\/www.editiondaslabor.de\/blog\/wp-content\/uploads\/2013\/12\/CoverSchimpfen.jpg\" alt=\"\" width=\"200\" height=\"300\" \/><\/a>Schimpfen<\/strong>, von Peter Meilchen, Edition Das Labor, Linz, Neheim, M\u00fclheim an der Ruhr 2013 &#8211; Der Erstauflage ist limitiert und mit einem Stempel versehen. Da Freund und F\u00f6rderer sich bereits im Vorfeld ihr Exemplar gesichert habe, r\u00e4t KUNO nicht zu z\u00f6gern und sich diese Preziose zu sichern.<\/p>\n<p style=\"text-align: justify;\">Weitere Werke sind\u00a0<a href=\"http:\/\/www.editiondaslabor.de\/?p=208\">erh\u00e4ltlich<\/a>\u00a0\u00fcber die Edition Das Labor.<\/p>\n","protected":false},"excerpt":{"rendered":"<p>&nbsp; Abschlie\u00dfend und zum letzten Mal im einvernehmlichen Plural zusammenfindend, m\u00f6chten wir noch anmerken, da\u00df wir zu Beginn unseres Projektes unseren altert\u00fcmlichen Computer in seiner Bibliothek aufsuchten, das Rechtschreibprogramm also abfragend, worauf er bereits unser erstes Wort als nicht auffindbar&hellip;<\/p>\n<p class=\"more-link-p\"><a class=\"more-link\" href=\"http:\/\/www.editiondaslabor.de\/blog\/2013\/12\/13\/schimpfen-auszug-4\/\">Read more &rarr;<\/a><\/p>\n","protected":false},"author":52,"featured_media":21548,"comment_status":"closed","ping_status":"open","sticky":false,"template":"","format":"standard","meta":{"footnotes":""},"categories":[1],"tags":[52],"class_list":["post-15764","post","type-post","status-publish","format-standard","has-post-thumbnail","hentry","category-literatur","tag-peter-meilchen"],"_links":{"self":[{"href":"http:\/\/www.editiondaslabor.de\/blog\/wp-json\/wp\/v2\/posts\/15764","targetHints":{"allow":["GET"]}}],"collection":[{"href":"http:\/\/www.editiondaslabor.de\/blog\/wp-json\/wp\/v2\/posts"}],"about":[{"href":"http:\/\/www.editiondaslabor.de\/blog\/wp-json\/wp\/v2\/types\/post"}],"author":[{"embeddable":true,"href":"http:\/\/www.editiondaslabor.de\/blog\/wp-json\/wp\/v2\/users\/52"}],"replies":[{"embeddable":true,"href":"http:\/\/www.editiondaslabor.de\/blog\/wp-json\/wp\/v2\/comments?post=15764"}],"version-history":[{"count":0,"href":"http:\/\/www.editiondaslabor.de\/blog\/wp-json\/wp\/v2\/posts\/15764\/revisions"}],"wp:featuredmedia":[{"embeddable":true,"href":"http:\/\/www.editiondaslabor.de\/blog\/wp-json\/"}],"wp:attachment":[{"href":"http:\/\/www.editiondaslabor.de\/blog\/wp-json\/wp\/v2\/media?parent=15764"}],"wp:term":[{"taxonomy":"category","embeddable":true,"href":"http:\/\/www.editiondaslabor.de\/blog\/wp-json\/wp\/v2\/categories?post=15764"},{"taxonomy":"post_tag","embeddable":true,"href":"http:\/\/www.editiondaslabor.de\/blog\/wp-json\/wp\/v2\/tags?post=15764"}],"curies":[{"name":"wp","href":"https:\/\/api.w.org\/{rel}","templated":true}]}}