{"id":15652,"date":"2024-07-10T00:01:00","date_gmt":"2024-07-09T22:01:00","guid":{"rendered":"http:\/\/www.editiondaslabor.de\/blog\/?p=15652"},"modified":"2022-02-22T20:02:10","modified_gmt":"2022-02-22T19:02:10","slug":"der-revoluzzer","status":"publish","type":"post","link":"http:\/\/www.editiondaslabor.de\/blog\/2024\/07\/10\/der-revoluzzer\/","title":{"rendered":"Der Revoluzzer"},"content":{"rendered":"<p style=\"text-align: right;\"><span style=\"color: #888888;\">Der deutschen Sozialdemokratie gewidmet<\/span><\/p>\n<p>War einmal ein Revoluzzer,<\/p>\n<p>Im Zivilstand Lampenputzer;<\/p>\n<p>Ging im Revoluzzerschritt<\/p>\n<p>Mit den Revoluzzern mit.<\/p>\n<p>Und er schrie: \u201eIch revol\u00fczze!\u201c<\/p>\n<p>Und die Revoluzzerm\u00fctze<\/p>\n<p>Schob er auf das linke Ohr,<\/p>\n<p>Kam sich h\u00f6chst gef\u00e4hrlich vor.<\/p>\n<p>Doch die Revoluzzer schritten<\/p>\n<p>Mitten in der Stra\u00dfen Mitten,<\/p>\n<p>Wo er sonsten unverdrutzt<\/p>\n<p>Alle Gaslaternen putzt.<\/p>\n<p>Sie vom Boden zu entfernen,<\/p>\n<p>rupfte man die Gaslaternen<\/p>\n<p>Aus dem Stra\u00dfenpflaster aus,<\/p>\n<p>Zwecks des Barrikadenbaus.<\/p>\n<p>Aber unser Revoluzzer<\/p>\n<p>Schrie: \u201eIch bin der Lampenputzer<\/p>\n<p>Dieses guten Leuchtelichts.<\/p>\n<p>Bitte, bitte, tut ihm nichts!<\/p>\n<p>Wenn wir ihn\u2019 das Licht ausdrehen,<\/p>\n<p>Kann kein B\u00fcrger nichts mehr sehen,<\/p>\n<p>La\u00dft die Lampen stehn, ich bitt!<\/p>\n<p>Denn sonst spiel\u2019 ich nicht mehr mit!\u201c<\/p>\n<p>Doch die Revoluzzer lachten,<\/p>\n<p>Und die Gaslaternen krachten,<\/p>\n<p>Und der Lampenputzer schlich<\/p>\n<p>Fort und weinte bitterlich.<\/p>\n<p>Dann ist er zuhaus geblieben<\/p>\n<p>Und hat dort ein Buch geschrieben:<\/p>\n<p>N\u00e4mlich, wie man revoluzzt<\/p>\n<p>Und dabei doch Lampen putzt.<\/p>\n<p>&nbsp;<\/p>\n<p>&nbsp;<\/p>\n<p>&nbsp;<\/p>\n<p style=\"text-align: center;\">***<\/p>\n<p class=\"hide-if-no-js\" style=\"text-align: justify;\">Erstdruck in: Der Krater. Berlin, Morgenverlag 1909. Hier eine kongeniale <a href=\"http:\/\/www.youtube.com\/watch?v=5D9pvbCP_l0\">Umsetzung<\/a> von Ernst Busch.<\/p>\n<p style=\"text-align: justify;\"><strong><img loading=\"lazy\" decoding=\"async\" class=\"alignleft size-full wp-image-98331\" src=\"http:\/\/www.editiondaslabor.de\/blog\/wp-content\/uploads\/2022\/02\/ErichMu\u0308hsam.jpg\" alt=\"\" width=\"239\" height=\"256\" srcset=\"http:\/\/www.editiondaslabor.de\/blog\/wp-content\/uploads\/2022\/02\/ErichMu\u0308hsam.jpg 239w, http:\/\/www.editiondaslabor.de\/blog\/wp-content\/uploads\/2022\/02\/ErichMu\u0308hsam-160x171.jpg 160w\" sizes=\"auto, (max-width: 239px) 100vw, 239px\" \/>Weiterf\u00fchrend \u2192<\/strong>\u00a0Poesie z\u00e4hlt f\u00fcr KUNO weiterhin zu den identit\u00e4ts- und identifikationstiftenden Elementen einer Kultur, dies bezeugte auch der Versuch einer <a href=\"http:\/\/www.editiondaslabor.de\/blog\/?p=25630\">poetologischen Positionsbestimmung<\/a>.<\/p>\n","protected":false},"excerpt":{"rendered":"<p>Der deutschen Sozialdemokratie gewidmet War einmal ein Revoluzzer, Im Zivilstand Lampenputzer; Ging im Revoluzzerschritt Mit den Revoluzzern mit. Und er schrie: \u201eIch revol\u00fczze!\u201c Und die Revoluzzerm\u00fctze Schob er auf das linke Ohr, Kam sich h\u00f6chst gef\u00e4hrlich vor. Doch die Revoluzzer&hellip;<\/p>\n<p class=\"more-link-p\"><a class=\"more-link\" href=\"http:\/\/www.editiondaslabor.de\/blog\/2024\/07\/10\/der-revoluzzer\/\">Read more &rarr;<\/a><\/p>\n","protected":false},"author":104,"featured_media":98331,"comment_status":"closed","ping_status":"open","sticky":false,"template":"","format":"standard","meta":{"footnotes":""},"categories":[1],"tags":[1237],"class_list":["post-15652","post","type-post","status-publish","format-standard","has-post-thumbnail","hentry","category-literatur","tag-erich-muhsam"],"_links":{"self":[{"href":"http:\/\/www.editiondaslabor.de\/blog\/wp-json\/wp\/v2\/posts\/15652","targetHints":{"allow":["GET"]}}],"collection":[{"href":"http:\/\/www.editiondaslabor.de\/blog\/wp-json\/wp\/v2\/posts"}],"about":[{"href":"http:\/\/www.editiondaslabor.de\/blog\/wp-json\/wp\/v2\/types\/post"}],"author":[{"embeddable":true,"href":"http:\/\/www.editiondaslabor.de\/blog\/wp-json\/wp\/v2\/users\/104"}],"replies":[{"embeddable":true,"href":"http:\/\/www.editiondaslabor.de\/blog\/wp-json\/wp\/v2\/comments?post=15652"}],"version-history":[{"count":2,"href":"http:\/\/www.editiondaslabor.de\/blog\/wp-json\/wp\/v2\/posts\/15652\/revisions"}],"predecessor-version":[{"id":99609,"href":"http:\/\/www.editiondaslabor.de\/blog\/wp-json\/wp\/v2\/posts\/15652\/revisions\/99609"}],"wp:featuredmedia":[{"embeddable":true,"href":"http:\/\/www.editiondaslabor.de\/blog\/wp-json\/wp\/v2\/media\/98331"}],"wp:attachment":[{"href":"http:\/\/www.editiondaslabor.de\/blog\/wp-json\/wp\/v2\/media?parent=15652"}],"wp:term":[{"taxonomy":"category","embeddable":true,"href":"http:\/\/www.editiondaslabor.de\/blog\/wp-json\/wp\/v2\/categories?post=15652"},{"taxonomy":"post_tag","embeddable":true,"href":"http:\/\/www.editiondaslabor.de\/blog\/wp-json\/wp\/v2\/tags?post=15652"}],"curies":[{"name":"wp","href":"https:\/\/api.w.org\/{rel}","templated":true}]}}