{"id":15615,"date":"2023-05-20T00:01:11","date_gmt":"2023-05-19T22:01:11","guid":{"rendered":"http:\/\/www.editiondaslabor.de\/blog\/?p=15615"},"modified":"2022-02-25T15:46:50","modified_gmt":"2022-02-25T14:46:50","slug":"zum-10-todestag-von-walter-hollerer","status":"publish","type":"post","link":"http:\/\/www.editiondaslabor.de\/blog\/2023\/05\/20\/zum-10-todestag-von-walter-hollerer\/","title":{"rendered":"Zum 20. Todestag von Walter H\u00f6llerer"},"content":{"rendered":"<p style=\"text-align: right;\"><em>I<span style=\"color: #999999;\">ch versuche mit meinen Gedichten das zu sagen, was sich den Leitartikeln und dem programmatischen Reden entzieht, was aber als harte Realit\u00e4t nicht zu verleugnen ist. Gedichte schreiben ist f\u00fcr mich ein notwendiger Vorgang gegen jede Versimpelung und gegen das Sand-in-die-Augen-Streuen, gegen b\u00f6swillig gesteuerte und gen\u00e4hrte Denk- und Faktenverschiebungen und gegen uneingesehene, unreflektierte Vorurteile.<\/span><\/em><\/p>\n<p style=\"text-align: right;\"><span style=\"color: #999999;\">Walter H\u00f6llerer<\/span><\/p>\n<p>&nbsp;<\/p>\n<p style=\"text-align: justify;\">Neben der wissenschaftlichen Arbeit ver\u00f6ffentlichte Walter H\u00f6llerer eigene Gedichte und Romane, verfasste Kritiken und Nachworte. 1954 gr\u00fcndete H\u00f6llerer mit der Zweimonatszeitschrift <i>Akzente<\/i> eines der wichtigsten literarisc<a href=\"http:\/\/www.editiondaslabor.de\/blog\/wp-content\/uploads\/2013\/05\/Ho\u0308llerer.jpg\"><img loading=\"lazy\" decoding=\"async\" class=\"size-medium wp-image-15616 alignright\" title=\"Ho\u0308llerer\" src=\"http:\/\/www.editiondaslabor.de\/blog\/wp-content\/uploads\/2013\/05\/Ho\u0308llerer-195x300.jpg\" alt=\"\" width=\"195\" height=\"300\" srcset=\"http:\/\/www.editiondaslabor.de\/blog\/wp-content\/uploads\/2013\/05\/Ho\u0308llerer-195x300.jpg 195w, http:\/\/www.editiondaslabor.de\/blog\/wp-content\/uploads\/2013\/05\/Ho\u0308llerer.jpg 200w\" sizes=\"auto, (max-width: 195px) 100vw, 195px\" \/><\/a>hen Foren der Bundesrepublik. Ab 1954 nahm er an den Treffen der Gruppe 47 teil, einem losen Zusammenschluss junger deutschsprachiger Nachkriegsautoren. 1960 wurde er Mitglied des deutschen PEN-Zentrums (Bundesrepublik). In den fr\u00fchen 1960er Jahren moderierte er Literatursendungen im Sender Freies Berlin. 1961 rief er die Zeitschrift <i>Sprache im technischen Zeitalter<\/i>, 1963 das Literarische Colloquium Berlin ins Leben. Durch seine T\u00e4tigkeit als Herausgeber und Kritiker sowie als Lehrstuhlinhaber an der TU Berlin pr\u00e4gte H\u00f6llerer das geistige Leben einer ganzen Epoche mit. Robert Neumann kritisierte 1966 scharf H\u00f6llerers f\u00fchrende Rolle in der Gruppe\u00a047 und im damaligen Literaturbetrieb.<\/p>\n<p style=\"text-align: justify;\">Genau zwanzig Jahre nach Ende des Krieges erschien bei Rowohlt im Jahr 1965 erstmals Walter H\u00f6llerers &#8222;Theorie der modernen Lyrik&#8220;, nach Ralf Berhorst der Versuch wieder Anschluss an den poetologischen Diskurs der Moderne zu finden. Das Besondere an dieser Anthologie war, so Berhorst, dass sie nicht erst bei Baudelaire sondern mit den amerikanischen Dichtern wie Poe und Whitman einsetzte und dass sie ihr theoretisches Ger\u00fcst ausschlie\u00dflich aus Reflexionen und Selbstzeugnissen der Dichter selbst bezog. Sechzig Dichter portr\u00e4tierte der Band von damals, der mittlerweile ein wissenschaftshistorisches Dokument geworden ist und nun neu aufgelegt wird. Die beiden Herausgeber Norbert Miller und Harald Hartung haben die Ausgabe von 1965 \u00fcberarbeitet und dankenswerterweise fortgef\u00fchrt, schreibt Berhorst: 80 neue Eintr\u00e4ge beinhalte der zweite Band, der bis in die Gegenwart reicht.<\/p>\n<p style=\"text-align: justify;\">Die neuen Herausgeber Harald Hartung und Norbert Miller auf den neuesten Stand gebracht, der jetzt auch Thomas Kling oder Durs Gr\u00fcnbein mit einschlie\u00dft &#8211; ebenso wie ein entschiedenes Pl\u00e4doyer des einstigen Herausgebers Walter H\u00f6llerer f\u00fcr das &#8222;lange Gedicht&#8220;. Verschwunden sind Cocteau und Bataille, dazu kommen nun aber auch Mandelstam oder Yeats &#8211; der Umfang hat sich, so Bucheli, &#8222;fast verdoppelt&#8220;. Im Kern aber sei das Werk erhalten geblieben, auch die Struktur sei dieselbe: Ein \u00dcberblick \u00fcber Leben und Werk des Dichters\/der Dichterin und danach Poetologisches (meist in Ausschnitten).<\/p>\n<p style=\"text-align: justify;\">In der Neuauflage lesen wir 140 Selbstausk\u00fcnfte \u00fcber das Dichten: bildhaft und theoretisch, einzelk\u00e4mpferisch und richtungweisend, gl\u00fchend und spielerisch. Zus\u00e4tzlich ist jedem der Dichter ein bio-bibliographischer Artikel gewidmet, was diese beiden B\u00e4nde nicht nur zu einer Fundgrube an schwer zug\u00e4nglichen poetologischen Texten macht, sondern dar\u00fcber hinaus zu einem praktischen Handbuch f\u00fcr alle, die sich f\u00fcr die literarische Moderne interessieren.<\/p>\n<p>&nbsp;<\/p>\n<p style=\"text-align: center;\">* * *<\/p>\n<div id=\"attachment_44595\" style=\"width: 310px\" class=\"wp-caption alignleft\"><img loading=\"lazy\" decoding=\"async\" aria-describedby=\"caption-attachment-44595\" class=\"wp-image-44595 size-medium\" src=\"http:\/\/www.editiondaslabor.de\/blog\/wp-content\/uploads\/2017\/09\/der-lyrik-eine-bresche-fuer-ein-gedicht-je-ausgabe-einer-zeitung_1505748323-1-300x200.jpg\" alt=\"\" width=\"300\" height=\"200\" srcset=\"http:\/\/www.editiondaslabor.de\/blog\/wp-content\/uploads\/2017\/09\/der-lyrik-eine-bresche-fuer-ein-gedicht-je-ausgabe-einer-zeitung_1505748323-1-300x200.jpg 300w, http:\/\/www.editiondaslabor.de\/blog\/wp-content\/uploads\/2017\/09\/der-lyrik-eine-bresche-fuer-ein-gedicht-je-ausgabe-einer-zeitung_1505748323-1.jpg 450w\" sizes=\"auto, (max-width: 300px) 100vw, 300px\" \/><p id=\"caption-attachment-44595\" class=\"wp-caption-text\">Poesie z\u00e4hlt f\u00fcr KUNO zu den identit\u00e4ts- und identifikationstiftenden Elementen der Kultur<\/p><\/div>\n<p style=\"text-align: justify;\"><strong>Weiterf\u00fchrend<\/strong> <strong>\u2192<\/strong> Poesie z\u00e4hlt f\u00fcr KUNO zu den identit\u00e4ts- und identifikationstiftenden Elementen der Kultur, dies bezeugt der Versuch einer <a href=\"http:\/\/www.editiondaslabor.de\/blog\/?p=25630\">poetologischen Positionsbestimmung<\/a>. Um den Widerstand gegen die gepolsterte Gegenwartslyrik ein wenig anzufachen schickte <span data-offset-key=\"d96ve-1-0\">Wolfgang Schlott<\/span><span data-offset-key=\"d96ve-2-0\"> dieses\u00a0 post-dadaistische <a href=\"http:\/\/www.editiondaslabor.de\/blog\/2016\/02\/03\/handwerkliche-anleitungen-zur-ueberwindung-von-schreibblockaden\/\">Manifest<\/a>. Warum<\/span> Lyrik wieder in die Zeitungen geh\u00f6rt <a href=\"http:\/\/www.editiondaslabor.de\/blog\/2017\/10\/07\/der-dichtung-eine-bresche-schlagen\/\">begr\u00fcndete<\/a> Walther Stonet, diese Forderung hat nichts an Aktualit\u00e4t verloren. Lesen Sie auch Maximilian Zanders <a href=\"http:\/\/www.editiondaslabor.de\/blog\/?p=5418\">Essay <\/a>\u00fcber Lyrik und ein R\u00fcckblick auf den <a href=\"http:\/\/www.editiondaslabor.de\/blog\/2014\/01\/08\/lyrik-katalog-bundesrepublik\/\"><em>Lyrik-Katalog Bundesrepublik<\/em><\/a>, sowie einen Essay \u00fcber den <a href=\"http:\/\/www.editiondaslabor.de\/blog\/2013\/12\/26\/lauschender-leser-und-redender-schreiber-2\/\">Lyrikvermittler<\/a> Theo Breuer. KUNO sch\u00e4tzt den minuti\u00f6sen Selbstinszenierungsprozess des lyrischen Dichter-Ichs von Ulrich Bergmann in der Reihe <a href=\"http:\/\/www.editiondaslabor.de\/blog\/?p=27947\">Keine Bojen auf hoher See, nur Sterne \u2026 und Schwerkraft. Gedanken \u00fcber das lyrische Schreiben<\/a>. Lesen Sie ein <a href=\"http:\/\/www.editiondaslabor.de\/blog\/?p=22835\">Portr\u00e4t <\/a>\u00fcber die interdisziplin\u00e4re T\u00e4tigkeit von Angelika Janz, sowie einen <a href=\"http:\/\/www.editiondaslabor.de\/blog\/?p=29450\">Essay<\/a> der <em>Fragmenttexterin.<\/em> Ein Portr\u00e4t von Sophie Reyer findet sich\u00a0<a href=\"http:\/\/www.editiondaslabor.de\/blog\/2013\/10\/08\/von-sappho-zu-sophie\/\">hier<\/a>, ein Essay fasst das transmediale Projekt<em> \u201e<a href=\"http:\/\/www.editiondaslabor.de\/blog\/2021\/04\/14\/bi-textualitaet\/\">Wortspielhalle<\/a>\u201c <\/em>zusammen<em>. <\/em>Auf KUNO lesen Sie u.a. Rezensionsessays von <a href=\"http:\/\/www.editiondaslabor.de\/blog\/2015\/06\/17\/beschwoerungszauber\/\">Holger Benkel<\/a> \u00fcber <a href=\"http:\/\/www.editiondaslabor.de\/blog\/?p=15175\">Andr\u00e9 Schinkel<\/a>, <a href=\"http:\/\/www.editiondaslabor.de\/blog\/2017\/11\/12\/mit-deutschen-untertiteln\/\">Ralph Pordzik<\/a>,\u00a0<a href=\"http:\/\/www.editiondaslabor.de\/blog\/2018\/12\/20\/wohnraeume-der-poesie\/\">Friederike Mayr\u00f6cker<\/a>, <a href=\"http:\/\/www.editiondaslabor.de\/blog\/2017\/03\/19\/welten-gegenwelten\/\">Werner Weimar-Mazur<\/a>, <a href=\"http:\/\/www.editiondaslabor.de\/blog\/2019\/06\/26\/wohnraeume-der-poesie-2\/\">Peter Engstler<\/a>, <a href=\"http:\/\/www.editiondaslabor.de\/blog\/?p=15177\">Birgitt Lieberwirth<\/a>, <a href=\"http:\/\/www.editiondaslabor.de\/blog\/2019\/08\/17\/der-grill-auf-der-hauswiese-der-welt\/\">Linda Vilhj\u00e1lmsd\u00f3ttir<\/a>, und <a href=\"http:\/\/www.editiondaslabor.de\/blog\/2017\/09\/17\/rettungsversuche-der-literatur-im-digitalen-raum\/\">A.J. Weigoni<\/a>. Lesenswert auch die <a href=\"http:\/\/www.editiondaslabor.de\/blog\/2020\/05\/16\/verseschmied-und-lyrikfischer\/\">Gratulation<\/a> von Axel Kutsch durch Markus Peters zum 75. Geburtstag. Nicht zu vergessen eine Empfehlung der kristallklaren Lyrik von <a href=\"http:\/\/www.editiondaslabor.de\/blog\/2020\/01\/19\/die-lyrikerin-ines-hagemeyer\/\">Ines Hagemeyer<\/a>. Diese Betrachtungen versammeln sich in der Tradition von <a href=\"http:\/\/www.editiondaslabor.de\/blog\/2000\/04\/04\/vauo\/\">V.O. Stomps<\/a>, dem Klassiker des Andersseins, dem <a href=\"http:\/\/www.editiondaslabor.de\/blog\/2005\/09\/24\/erinnerungen\/\">Bottroper Literaturrocker<\/a> &#8222;Biby&#8220; Wintjes und Hadayatullah H\u00fcbsch, dem Urvater des <a href=\"http:\/\/www.editiondaslabor.de\/blog\/1995\/06\/30\/wie-was-social-beat-ist-und-warum-und-warum-nicht\/\"><em>Social-Beat<\/em><\/a>, im KUNO-Online-Archiv. Wir empfehlen f\u00fcr Neulinge als Einstieg in das weite Feld der nonkonformistischen Literatur <a href=\"http:\/\/www.editiondaslabor.de\/blog\/2001\/04\/01\/nonkonformistische-literatur\/\">diesem Hinweis<\/a> zu folgen.<\/p>\n<p>&nbsp;<\/p>\n","protected":false},"excerpt":{"rendered":"<p>Ich versuche mit meinen Gedichten das zu sagen, was sich den Leitartikeln und dem programmatischen Reden entzieht, was aber als harte Realit\u00e4t nicht zu verleugnen ist. Gedichte schreiben ist f\u00fcr mich ein notwendiger Vorgang gegen jede Versimpelung und gegen das&hellip;<\/p>\n<p class=\"more-link-p\"><a class=\"more-link\" href=\"http:\/\/www.editiondaslabor.de\/blog\/2023\/05\/20\/zum-10-todestag-von-walter-hollerer\/\">Read more &rarr;<\/a><\/p>\n","protected":false},"author":257,"featured_media":98207,"comment_status":"closed","ping_status":"open","sticky":false,"template":"","format":"standard","meta":{"footnotes":""},"categories":[1],"tags":[857],"class_list":["post-15615","post","type-post","status-publish","format-standard","has-post-thumbnail","hentry","category-literatur","tag-walter-hollerer"],"_links":{"self":[{"href":"http:\/\/www.editiondaslabor.de\/blog\/wp-json\/wp\/v2\/posts\/15615","targetHints":{"allow":["GET"]}}],"collection":[{"href":"http:\/\/www.editiondaslabor.de\/blog\/wp-json\/wp\/v2\/posts"}],"about":[{"href":"http:\/\/www.editiondaslabor.de\/blog\/wp-json\/wp\/v2\/types\/post"}],"author":[{"embeddable":true,"href":"http:\/\/www.editiondaslabor.de\/blog\/wp-json\/wp\/v2\/users\/257"}],"replies":[{"embeddable":true,"href":"http:\/\/www.editiondaslabor.de\/blog\/wp-json\/wp\/v2\/comments?post=15615"}],"version-history":[{"count":2,"href":"http:\/\/www.editiondaslabor.de\/blog\/wp-json\/wp\/v2\/posts\/15615\/revisions"}],"predecessor-version":[{"id":100573,"href":"http:\/\/www.editiondaslabor.de\/blog\/wp-json\/wp\/v2\/posts\/15615\/revisions\/100573"}],"wp:featuredmedia":[{"embeddable":true,"href":"http:\/\/www.editiondaslabor.de\/blog\/wp-json\/wp\/v2\/media\/98207"}],"wp:attachment":[{"href":"http:\/\/www.editiondaslabor.de\/blog\/wp-json\/wp\/v2\/media?parent=15615"}],"wp:term":[{"taxonomy":"category","embeddable":true,"href":"http:\/\/www.editiondaslabor.de\/blog\/wp-json\/wp\/v2\/categories?post=15615"},{"taxonomy":"post_tag","embeddable":true,"href":"http:\/\/www.editiondaslabor.de\/blog\/wp-json\/wp\/v2\/tags?post=15615"}],"curies":[{"name":"wp","href":"https:\/\/api.w.org\/{rel}","templated":true}]}}