{"id":15382,"date":"2023-05-10T00:01:57","date_gmt":"2023-05-09T22:01:57","guid":{"rendered":"http:\/\/www.editiondaslabor.de\/blog\/?p=15382"},"modified":"2023-05-04T19:58:39","modified_gmt":"2023-05-04T17:58:39","slug":"heute-vor-80-jahren","status":"publish","type":"post","link":"http:\/\/www.editiondaslabor.de\/blog\/2023\/05\/10\/heute-vor-80-jahren\/","title":{"rendered":"Heute vor 90 Jahren"},"content":{"rendered":"<p>&nbsp;<\/p>\n<p style=\"text-align: right;\"><span style=\"color: #999999;\"><em>Das war ein Vorspiel nur, dort wo man B\u00fccher verbrennt, verbrennt man auch am Ende Menschen.<\/em><\/span><\/p>\n<p style=\"text-align: right;\"><span style=\"color: #999999;\">Heinrich Heine<\/span><\/p>\n<p>&nbsp;<\/p>\n<p style=\"text-align: justify;\">Die B\u00fccherverbrennung in Deutschland von M\u00e4rz bis Oktober 1933 war eine von der NSDAP, der Hitlerjugend, K\u00f6rperschaften der SA und der Deutschen Studentenschaft geplante und inszenierte Aktion, bei der Studenten, Professoren und Mitglieder nationalsozialistischer Parteiorgane die Werke, der von ihnen verfemten Autoren ins Feuer warfen. Ein Schl\u00fcsselereignis war die durch den Nationalsozialistischen Deutschen Studentenbund (NSDStB) am 10. Mai 1933 auf dem ehemaligen <i>Berliner Opernplatz<\/i> (seit 1947 Bebelplatz; benannt nach August Bebel)<sup id=\"cite_ref-1\" class=\"reference\"><\/sup> organisierte und zeitgleich an 18 weiteren deutschen Universit\u00e4tsstandorten ablaufende Aktion mit hoher \u00d6ffentlichkeitswirkung. Diese B\u00fccherverbrennungen waren der H\u00f6hepunkt der sogenannten \u201eAktion wider den undeutschen Geist\u201c, mit der kurz nach der Machtergreifung der Nationalsozialisten, ab M\u00e4rz 1933, die systematische Verfolgung j\u00fcdischer, marxistischer, pazifistischer und anderer oppositioneller oder politisch unliebsamer Schriftsteller begann, sowie eine Wende in Richtung nationalsozialistischer Erziehung eingeleitet werden sollte.<\/p>\n<p>&nbsp;<\/p>\n<p>&nbsp;<\/p>\n<p style=\"text-align: center;\">***<\/p>\n<p style=\"text-align: justify;\"><strong>Twitteratur<\/strong>, Genese einer Literaturgattung. Erweiterte Taschenbuchausgabe mit der Dokumentation des Hungertuchpreises. Herausgegeben von Matthias Hagedorn, Edition Das Labor 2019.<\/p>\n<p><strong>Weiterf\u00fchrend \u2192<a href=\"http:\/\/www.editiondaslabor.de\/blog\/wp-content\/uploads\/2013\/05\/220px-Fahrenheit451B.jpg\"><img loading=\"lazy\" decoding=\"async\" class=\"size-medium wp-image-15384 alignleft\" title=\"220px-Fahrenheit451B\" src=\"http:\/\/www.editiondaslabor.de\/blog\/wp-content\/uploads\/2013\/05\/220px-Fahrenheit451B-195x300.jpg\" alt=\"\" width=\"195\" height=\"300\" srcset=\"http:\/\/www.editiondaslabor.de\/blog\/wp-content\/uploads\/2013\/05\/220px-Fahrenheit451B-195x300.jpg 195w, http:\/\/www.editiondaslabor.de\/blog\/wp-content\/uploads\/2013\/05\/220px-Fahrenheit451B.jpg 220w\" sizes=\"auto, (max-width: 195px) 100vw, 195px\" \/><\/a><\/strong><\/p>\n<p style=\"text-align: justify;\">KUNO hat unterschiedliche Autoren zu einen Exkurs zur Twitteratur gebeten, und gl\u00fccklicherweise sind die Antworten so vielf\u00e4ltig, wie die Arbeiten dieser Autoren. \u00dcber den <a href=\"http:\/\/www.editiondaslabor.de\/blog\/2009\/03\/16\/small-is-beautiful\/\">Vorl\u00e4ufer der Twitteratur<\/a> berichtet Maximilian Zander. Anja Wurm, sizzierte, warum Netzliteratur <a href=\"http:\/\/www.editiondaslabor.de\/blog\/?p=20142\">Ohne Unterla\u00df<\/a> geschieht. Ulrich Bergmann sieht das Thema in seinem Einsprengsel <a href=\"http:\/\/www.editiondaslabor.de\/blog\/?p=21388\">ad gloriam tvvitteraturae!<\/a> eher kulturpessimistisch. F\u00fcr Karl Feldkamp ist <em>Twitteratur<\/em>: <a href=\"http:\/\/www.editiondaslabor.de\/blog\/?p=21804\">Kurz knackig einf\u00fchlsam<\/a>. Jesko Hagen denkt \u00fcber das fragile Gleichgewicht von Kunst und Politik <a href=\"http:\/\/www.editiondaslabor.de\/blog\/?p=13711\">nach<\/a>. Sebastian Schmidt <a href=\"http:\/\/www.editiondaslabor.de\/blog\/?p=23267\">erkundet<\/a> das Sein in der Timeline. Gleichfalls zur Kurzform Lyrik haben wir Dr. Tamara Kudryavtseva vom Gorki-Institut f\u00fcr Weltliteratur der Russischen Akademie der Wissenschaften um einen <a href=\"http:\/\/www.editiondaslabor.de\/blog\/?p=22638\">Beitrag<\/a> gebeten. Mit \u201aTWITTERATUR | Digitale K\u00fcrzestschreibweisen\u2018 betreten Jan Drees und Sandra Anika Meyer ein neues Beobachtungsfeld der Literaturwissenschaft. Und sie machen erste Vorschl\u00e4ge, wie es zu kartographieren w\u00e4re. Eine unverzichtbare <a href=\"http:\/\/www.editiondaslabor.de\/blog\/?p=23810\">Lekt\u00fcre <\/a>zu dieser neuen Gattung. Maximilian Zander berichtet \u00fcber eine <a href=\"http:\/\/www.editiondaslabor.de\/blog\/2011\/12\/07\/kleinform\/\">Kleinform der spanischen Literatur<\/a>. Holger Benkel begibt sich mit seinen <a href=\"http:\/\/www.editiondaslabor.de\/blog\/2013\/01\/02\/grose-gedanken-im-kleinen-format\/\">Aphorismen<\/a> <em>Gedanken, die um Ecken biegen<\/em> auf ein anderes Versuchsfeld. Die Variation von Haimo Hieronymus <em>Twitteratur<\/em> ist die <a href=\"http:\/\/www.editiondaslabor.de\/blog\/2012\/11\/24\/die-lugen-des-anderen\/\">Kurznovelle<\/a>. Peter Meilchen beschreibt in der Reihe <em>Leben in M\u00f6glichkeitsfloskeln <\/em>die Augenblicke, da das Wahrnehmen in das Verlangen umschl\u00e4gt, das Wahrgenommene schreibend zu <a href=\"http:\/\/www.editiondaslabor.de\/blog\/?p=22445\">fixieren<\/a>. Sophie Reyer bezieht sich auf die Tradition der Lyrik und vollzieht den Weg <a href=\"http:\/\/www.editiondaslabor.de\/blog\/?p=21415\">vom Zierpen zum Zwitschern<\/a> nach. Nur auf KUNO sind die <a href=\"http:\/\/www.editiondaslabor.de\/blog\/2006\/08\/26\/scharten-der-erinnerung\/\">Mikrogramme<\/a> von A.J. Weigoni zu finden. Gemeinsam mit Sophie Reyer pr\u00e4sentierte A.J. Weigoni auf KUNO das Projekt <a href=\"http:\/\/www.editiondaslabor.de\/blog\/?p=19038\">Wortspielhalle<\/a>, welches mit dem <a href=\"http:\/\/www.editiondaslabor.de\/blog\/?p=22035\">lime_lab<\/a> ausgezeichnet wurde. Mit dem fulminanten Essay <a href=\"http:\/\/www.editiondaslabor.de\/blog\/?p=26608\">Romanvernichtungsdreck! #errorcreatingtweet<\/a> setzte Denis Ulrich den vorl\u00e4ufigen Schlu\u00dfpunkt.<\/p>\n<p style=\"text-align: justify;\">des Hungertuchpreises.<\/p>\n","protected":false},"excerpt":{"rendered":"<p>&nbsp; Das war ein Vorspiel nur, dort wo man B\u00fccher verbrennt, verbrennt man auch am Ende Menschen. Heinrich Heine &nbsp; Die B\u00fccherverbrennung in Deutschland von M\u00e4rz bis Oktober 1933 war eine von der NSDAP, der Hitlerjugend, K\u00f6rperschaften der SA und&hellip;<\/p>\n<p class=\"more-link-p\"><a class=\"more-link\" href=\"http:\/\/www.editiondaslabor.de\/blog\/2023\/05\/10\/heute-vor-80-jahren\/\">Read more &rarr;<\/a><\/p>\n","protected":false},"author":94,"featured_media":97877,"comment_status":"closed","ping_status":"open","sticky":false,"template":"","format":"standard","meta":{"footnotes":""},"categories":[1],"tags":[853],"class_list":["post-15382","post","type-post","status-publish","format-standard","has-post-thumbnail","hentry","category-literatur","tag-heinrich-heine"],"_links":{"self":[{"href":"http:\/\/www.editiondaslabor.de\/blog\/wp-json\/wp\/v2\/posts\/15382","targetHints":{"allow":["GET"]}}],"collection":[{"href":"http:\/\/www.editiondaslabor.de\/blog\/wp-json\/wp\/v2\/posts"}],"about":[{"href":"http:\/\/www.editiondaslabor.de\/blog\/wp-json\/wp\/v2\/types\/post"}],"author":[{"embeddable":true,"href":"http:\/\/www.editiondaslabor.de\/blog\/wp-json\/wp\/v2\/users\/94"}],"replies":[{"embeddable":true,"href":"http:\/\/www.editiondaslabor.de\/blog\/wp-json\/wp\/v2\/comments?post=15382"}],"version-history":[{"count":3,"href":"http:\/\/www.editiondaslabor.de\/blog\/wp-json\/wp\/v2\/posts\/15382\/revisions"}],"predecessor-version":[{"id":104659,"href":"http:\/\/www.editiondaslabor.de\/blog\/wp-json\/wp\/v2\/posts\/15382\/revisions\/104659"}],"wp:featuredmedia":[{"embeddable":true,"href":"http:\/\/www.editiondaslabor.de\/blog\/wp-json\/wp\/v2\/media\/97877"}],"wp:attachment":[{"href":"http:\/\/www.editiondaslabor.de\/blog\/wp-json\/wp\/v2\/media?parent=15382"}],"wp:term":[{"taxonomy":"category","embeddable":true,"href":"http:\/\/www.editiondaslabor.de\/blog\/wp-json\/wp\/v2\/categories?post=15382"},{"taxonomy":"post_tag","embeddable":true,"href":"http:\/\/www.editiondaslabor.de\/blog\/wp-json\/wp\/v2\/tags?post=15382"}],"curies":[{"name":"wp","href":"https:\/\/api.w.org\/{rel}","templated":true}]}}