{"id":15306,"date":"2024-04-07T00:01:00","date_gmt":"2024-04-06T22:01:00","guid":{"rendered":"http:\/\/www.editiondaslabor.de\/blog\/?p=15306"},"modified":"2022-02-23T15:40:44","modified_gmt":"2022-02-23T14:40:44","slug":"wenn","status":"publish","type":"post","link":"http:\/\/www.editiondaslabor.de\/blog\/2024\/04\/07\/wenn\/","title":{"rendered":"wenn"},"content":{"rendered":"<p>&nbsp;<\/p>\n<p>Wenn morgens dich die Sonne schon vielleicht nicht weckt, gemeinsam aber mit dem Aufstehen \u00fcber H\u00e4userd\u00e4cher lugt.<\/p>\n<p>Wenn ihre frischen Strahlen an den Regalen wandern, den B\u00fccherr\u00fccken, wie vielleicht dann irgendwann auch deine Blicke.<\/p>\n<p>Wenn die Luft noch frisch durch deine Lungen wehen kann, das Parfum des bl\u00fcten\u00fcberdeckten Schneeballs gern die Nase kitzelt.<\/p>\n<p>Wenn der Kaffee nicht nur schmeckt, er mundet, k\u00fcndet von der weiten Welt.<\/p>\n<p>Wenn sonst die Ruhe dich umgibt, kein Schrei, kein Radio,\u00a0 kein Auto, nur V\u00f6gel streiten sich akustisch sch\u00f6n.<\/p>\n<p>Wenn Apfelbl\u00fctenbl\u00e4tter durch den Garten schneien, und eine wei\u00dfe Decke breiten auf dem Gr\u00fcn.<\/p>\n<p>Wenn selbst die kleine Wiese unten dich durch deine Fenster gr\u00fc\u00dft.<\/p>\n<p>Dann wei\u00dft du, wei\u00dft du.<\/p>\n<p>&nbsp;<\/p>\n<p>&nbsp;<\/p>\n<p style=\"text-align: justify;\"><a href=\"http:\/\/www.editiondaslabor.de\/blog\/wp-content\/uploads\/2013\/05\/IMG_4593.jpg\"><img loading=\"lazy\" decoding=\"async\" class=\"alignleft wp-image-15307 size-medium\" title=\"Boskopbl\u00fcten\" src=\"http:\/\/www.editiondaslabor.de\/blog\/wp-content\/uploads\/2013\/05\/IMG_4593-300x200.jpg\" alt=\"\" width=\"300\" height=\"200\" srcset=\"http:\/\/www.editiondaslabor.de\/blog\/wp-content\/uploads\/2013\/05\/IMG_4593-300x200.jpg 300w, http:\/\/www.editiondaslabor.de\/blog\/wp-content\/uploads\/2013\/05\/IMG_4593-1024x682.jpg 1024w\" sizes=\"auto, (max-width: 300px) 100vw, 300px\" \/><\/a><strong>Weiterf\u00fchrend\u00a0<\/strong><strong>\u2192\u00a0<\/strong><\/p>\n<p style=\"text-align: justify;\">Zum Thema K\u00fcnstlerbucher lesen finden Sie hier einen <a href=\"http:\/\/www.editiondaslabor.de\/blog\/?p=12840\">Essay<\/a> sowie ein <a href=\"http:\/\/www.editiondaslabor.de\/blog\/?p=834\">Artikel<\/a> von J.C. Albers. Vertiefend auch das <a href=\"http:\/\/www.editiondaslabor.de\/blog\/?p=21407\">Kollegengespr\u00e4ch<\/a> mit Haimo Hieronymus.<\/p>\n<p style=\"text-align: justify;\">Die\u00a0bibliophilen Kostbarkeiten sind erh\u00e4ltlich \u00fcber die Werkstattgalerie Der Bogen, Tel. 0173 7276421<\/p>\n","protected":false},"excerpt":{"rendered":"<p>&nbsp; Wenn morgens dich die Sonne schon vielleicht nicht weckt, gemeinsam aber mit dem Aufstehen \u00fcber H\u00e4userd\u00e4cher lugt. Wenn ihre frischen Strahlen an den Regalen wandern, den B\u00fccherr\u00fccken, wie vielleicht dann irgendwann auch deine Blicke. Wenn die Luft noch frisch&hellip;<\/p>\n<p class=\"more-link-p\"><a class=\"more-link\" href=\"http:\/\/www.editiondaslabor.de\/blog\/2024\/04\/07\/wenn\/\">Read more &rarr;<\/a><\/p>\n","protected":false},"author":4,"featured_media":99105,"comment_status":"closed","ping_status":"open","sticky":false,"template":"","format":"standard","meta":{"footnotes":""},"categories":[1],"tags":[44],"class_list":["post-15306","post","type-post","status-publish","format-standard","has-post-thumbnail","hentry","category-literatur","tag-haimo-hieronymus"],"_links":{"self":[{"href":"http:\/\/www.editiondaslabor.de\/blog\/wp-json\/wp\/v2\/posts\/15306","targetHints":{"allow":["GET"]}}],"collection":[{"href":"http:\/\/www.editiondaslabor.de\/blog\/wp-json\/wp\/v2\/posts"}],"about":[{"href":"http:\/\/www.editiondaslabor.de\/blog\/wp-json\/wp\/v2\/types\/post"}],"author":[{"embeddable":true,"href":"http:\/\/www.editiondaslabor.de\/blog\/wp-json\/wp\/v2\/users\/4"}],"replies":[{"embeddable":true,"href":"http:\/\/www.editiondaslabor.de\/blog\/wp-json\/wp\/v2\/comments?post=15306"}],"version-history":[{"count":1,"href":"http:\/\/www.editiondaslabor.de\/blog\/wp-json\/wp\/v2\/posts\/15306\/revisions"}],"predecessor-version":[{"id":99945,"href":"http:\/\/www.editiondaslabor.de\/blog\/wp-json\/wp\/v2\/posts\/15306\/revisions\/99945"}],"wp:featuredmedia":[{"embeddable":true,"href":"http:\/\/www.editiondaslabor.de\/blog\/wp-json\/wp\/v2\/media\/99105"}],"wp:attachment":[{"href":"http:\/\/www.editiondaslabor.de\/blog\/wp-json\/wp\/v2\/media?parent=15306"}],"wp:term":[{"taxonomy":"category","embeddable":true,"href":"http:\/\/www.editiondaslabor.de\/blog\/wp-json\/wp\/v2\/categories?post=15306"},{"taxonomy":"post_tag","embeddable":true,"href":"http:\/\/www.editiondaslabor.de\/blog\/wp-json\/wp\/v2\/tags?post=15306"}],"curies":[{"name":"wp","href":"https:\/\/api.w.org\/{rel}","templated":true}]}}