{"id":14842,"date":"2013-05-11T00:08:21","date_gmt":"2013-05-10T22:08:21","guid":{"rendered":"http:\/\/www.editiondaslabor.de\/blog\/?p=14842"},"modified":"2013-08-16T10:45:00","modified_gmt":"2013-08-16T08:45:00","slug":"dia-log","status":"publish","type":"post","link":"http:\/\/www.editiondaslabor.de\/blog\/2013\/05\/11\/dia-log\/","title":{"rendered":"DIAlog"},"content":{"rendered":"<p style=\"text-align: center\"><a href=\"http:\/\/www.editiondaslabor.de\/blog\/wp-content\/uploads\/2013\/04\/DW2.jpg\"><img loading=\"lazy\" decoding=\"async\" class=\"aligncenter\" src=\"http:\/\/www.editiondaslabor.de\/blog\/wp-content\/uploads\/2013\/04\/DW2.jpg\" alt=\"\" width=\"238\" height=\"311\" \/><\/a><\/p>\n<p style=\"text-align: justify\"><span style=\"text-align: justify\">DIAlog der gestandenen Vernuft mit \u00a0erahnter Vision? &#8211; gebiert dies Ungeheuer? &#8211; \u00a0<em>&#8222;Die Phantasie, verlassen von der Vernunft, erzeugt unm\u00f6gliche Ungeheuer; vereint mit ihr ist sie die Mutter der K\u00fcnste und Ursprung der Wunder&#8220; <\/em>spricht\u00a0\u00a0Franciso de Goja\u00a0<\/span><span>zu seinem dreiundvierzigsten Blatt der Caprichio<em>s \u00a0<\/em>&#8211; Wenn der Stift im Schreiben zum zeichnenden wird, wenn die Worte nicht zu gen\u00fcgen scheinen und die Linie das Erschaute besser alliteriert: Dieser k\u00fcnstlerische DIA<\/span><em>log zwischen Wort und Bild <\/em><span>ist in meiner Arbeit immer wieder aufgekommen \u00a0\u2013 Wechsel wirkend jeweils als bildhafte Sequenz einer Erz\u00e4hlung oder als unikales literarisches Bild. Auch der Hang, ein Bild zu betiteln, r\u00fchrt aus dieser Wechselwirkung her \u2013 ein tristes oT (ohne Titel) erschien mir immer als Galgen einer Vision. Aber wie verl\u00e4uft dieser Dialog zwischen fremder Fiktion und eigener Vision?<\/span><\/p>\n<p><a href=\"http:\/\/www.editiondaslabor.de\/blog\/wp-content\/uploads\/2013\/04\/DW6.jpg\"><img loading=\"lazy\" decoding=\"async\" class=\"aligncenter  wp-image-14844\" src=\"http:\/\/www.editiondaslabor.de\/blog\/wp-content\/uploads\/2013\/04\/DW6.jpg\" alt=\"\" width=\"720\" height=\"552\" srcset=\"http:\/\/www.editiondaslabor.de\/blog\/wp-content\/uploads\/2013\/04\/DW6.jpg 1200w, http:\/\/www.editiondaslabor.de\/blog\/wp-content\/uploads\/2013\/04\/DW6-300x230.jpg 300w, http:\/\/www.editiondaslabor.de\/blog\/wp-content\/uploads\/2013\/04\/DW6-1024x785.jpg 1024w\" sizes=\"auto, (max-width: 720px) 100vw, 720px\" \/><\/a><\/p>\n<p style=\"text-align: center\">Andreas Roseneder \u00a0<em>\u00a0&#8222;&#8230;traf ihn die Erleuchtung wie ein Keulenschlag&#8230;&#8220;, <\/em>\u00a0chinesische Tusche auf deutschem Papier<\/p>\n<p style=\"text-align: center\">\u00a0Illustration zur Kurzgeschichte <em>&#8222;Die Tankstelle&#8220;<\/em> von Dorothea Zeichmann,\u00a02013<\/p>\n<p style=\"text-align: justify\">DIA<em>bolisch<\/em> ist zwar in unserem allt\u00e4glichen Wortschatz zumeist mit dem Begriff des <em>\u201eTeuflischen\u201c<\/em> belegt, hie\u00dfe aber doch einfach <em>\u201ezweifach gespalten\u201c.<\/em> In meiner Jugend haben mich die Nachzeichnungen Alfred Kubins von Edgar Allen Poes Visionen in ihrer DIAbolischen Steigerung besonders fasziniert: kein Wunder, \u00a0Kubin war von seiner Anlage her ebenso DI\u00c1<em>bolos, <\/em>ein Entzweiter &#8211; Durcheinandergeworfener &#8211; \u00a0wie Poe gelebt. \u00a0Mit der Fiktion der Traumstadt <em>Perle<\/em> in seinem Roman <em>\u201eDie andere Seite\u201c <\/em>\u00a0hat Alfred Kubin nicht nur literarisches Zeugnis dar\u00fcber abgelegt, sondern im Epilog die Conclusio aussprochen: \u00a0&#8222;&#8230;Die wirkliche H\u00f6lle liegt darin, da\u00df sich dies widersprechende Doppelspiel in uns fortsetzt. Die Liebe selbst hat einen Schwerpunkt <em>zwischen Kloaken und Latrinen.\u00a0<\/em>\u00a0Erhabene Situationen k\u00f6nnen der L\u00e4cherlichkeit, dem Hohn, der Ironie verfallen. &#8211;\u00a0<em>Der Demiurg ist ein Zwitter.<\/em><\/p>\n<p><a href=\"http:\/\/www.editiondaslabor.de\/blog\/wp-content\/uploads\/2013\/04\/DW1.jpg\"><img loading=\"lazy\" decoding=\"async\" class=\"aligncenter\" src=\"http:\/\/www.editiondaslabor.de\/blog\/wp-content\/uploads\/2013\/04\/DW1.jpg\" alt=\"\" width=\"720\" height=\"546\" \/><\/a><\/p>\n<p style=\"text-align: center\">Andreas Roseneder \u00a0<em>\u00a0Franz K : \u00a0&#8222;&#8230;Schreiben als Form des Gebetes, dachte er&#8230;&#8220;, \u00a0<\/em>chinesische Tusche auf deutschem Papier<\/p>\n<p style=\"text-align: center\">\u00a0Illustration zur Kurzgeschichte\u00a0<em>&#8222;Der Wunsch&#8220;<\/em>\u00a0von Dorothea Zeichmann,\u00a02013<\/p>\n<p style=\"text-align: center\">\u00a0<em>Demiurg &#8211; <\/em>\u00a0. Franz Kafka war f\u00fcr mich immer pr\u00e4sent. \u00a0 In Form eines \u00a0Satzes. In Form einer Erscheinung:<\/p>\n<p style=\"text-align: center\"><a href=\"http:\/\/www.editiondaslabor.de\/blog\/wp-content\/uploads\/2013\/04\/kafka.jpg\"><img loading=\"lazy\" decoding=\"async\" class=\"aligncenter  wp-image-14856\" src=\"http:\/\/www.editiondaslabor.de\/blog\/wp-content\/uploads\/2013\/04\/kafka.jpg\" alt=\"\" width=\"262\" height=\"283\" srcset=\"http:\/\/www.editiondaslabor.de\/blog\/wp-content\/uploads\/2013\/04\/kafka.jpg 729w, http:\/\/www.editiondaslabor.de\/blog\/wp-content\/uploads\/2013\/04\/kafka-278x300.jpg 278w\" sizes=\"auto, (max-width: 262px) 100vw, 262px\" \/><\/a><a href=\"http:\/\/www.editiondaslabor.de\/blog\/wp-content\/uploads\/2013\/04\/kafka-2.jpg\"><img loading=\"lazy\" decoding=\"async\" src=\"http:\/\/www.editiondaslabor.de\/blog\/wp-content\/uploads\/2013\/04\/kafka-2.jpg\" alt=\"\" width=\"265\" height=\"300\" \/><\/a><\/p>\n<p style=\"text-align: center\">Franz Kafkas Zeichnungsskizzen<em>\u00a0<em>&#8222;\u00fcber das Schreiben &amp; Malen&#8220;<\/em><\/em><\/p>\n<p style=\"text-align: center\"><strong><em>\u00a0 &#8222;<\/em>oT&#8220;? &#8211; oder doch &#8222;Der Demiurg&#8220;?\u00a0<\/strong><\/p>\n<p style=\"text-align: center\"><a href=\"http:\/\/www.editiondaslabor.de\/blog\/wp-content\/uploads\/2013\/05\/das-schwarze-schaf2.jpg\"><img loading=\"lazy\" decoding=\"async\" class=\"aligncenter  wp-image-14928\" src=\"http:\/\/www.editiondaslabor.de\/blog\/wp-content\/uploads\/2013\/05\/das-schwarze-schaf2.jpg\" alt=\"\" width=\"265\" height=\"352\" srcset=\"http:\/\/www.editiondaslabor.de\/blog\/wp-content\/uploads\/2013\/05\/das-schwarze-schaf2.jpg 700w, http:\/\/www.editiondaslabor.de\/blog\/wp-content\/uploads\/2013\/05\/das-schwarze-schaf2-225x300.jpg 225w\" sizes=\"auto, (max-width: 265px) 100vw, 265px\" \/><\/a><\/p>\n<p style=\"text-align: center\"><a href=\"http:\/\/www.editiondaslabor.de\/blog\/wp-content\/uploads\/2013\/05\/das-schwarze-schaf11.jpg\"><img loading=\"lazy\" decoding=\"async\" class=\"aligncenter\" src=\"http:\/\/www.editiondaslabor.de\/blog\/wp-content\/uploads\/2013\/05\/das-schwarze-schaf11.jpg\" alt=\"\" width=\"277\" height=\"365\" \/><\/a><\/p>\n<p style=\"text-align: center\">Andreas Roseneder <em>&#8222;Das schwarze Schaf&#8220; &amp; &#8222;the black sheep profile&#8220;<\/em>, chinesische Tusche auf deutschem Papier<\/p>\n<p style=\"text-align: center\">\u00a0Illustration zur Kurzgeschichte\u00a0<em>&#8222;Das schwarze Schaf&#8220;<\/em>\u00a0von Dorothea Zeichmann,\u00a02013<\/p>\n<p style=\"text-align: justify\">Auf die Anfrage der \u00f6sterreichischen Autorin Dorothea Zeichmann hin, ihr Erz\u00e4hlkompendium mit dem Arbeitstitel &#8222;Das Schwarze Schaf&#8220; \u00a0zu illustrieren, kamen in mir all diese an der eigenen Arbeit erfahrenen Schwierigkeiten auf. Nach Zusage &amp; begonnener Arbeit wurde mir klar, da\u00df es denn doch etwas anderes ist, einen fremden Text in Zeichnungen zu \u00fcbersetzen: der Galgen aus der biographischen Selbstreflexion wurde zum Schaffott der souver\u00e4nen Vorgabe eines anderen Geistes.<\/p>\n<p style=\"text-align: center\"><a href=\"http:\/\/www.editiondaslabor.de\/blog\/wp-content\/uploads\/2013\/04\/DW4.jpg\"><img loading=\"lazy\" decoding=\"async\" class=\"aligncenter  wp-image-14845\" src=\"http:\/\/www.editiondaslabor.de\/blog\/wp-content\/uploads\/2013\/04\/DW4.jpg\" alt=\"\" width=\"720\" height=\"545\" srcset=\"http:\/\/www.editiondaslabor.de\/blog\/wp-content\/uploads\/2013\/04\/DW4.jpg 1200w, http:\/\/www.editiondaslabor.de\/blog\/wp-content\/uploads\/2013\/04\/DW4-300x227.jpg 300w, http:\/\/www.editiondaslabor.de\/blog\/wp-content\/uploads\/2013\/04\/DW4-1024x774.jpg 1024w\" sizes=\"auto, (max-width: 720px) 100vw, 720px\" \/><\/a><\/p>\n<p style=\"text-align: center\">Andreas Roseneder \u00a0<em>\u00a0&#8222;&#8230;da\u00df dich der Teufel hol\u00b4&#8230;&#8220;, \u00a0<\/em>chinesische Tusche auf deutschem Papier<\/p>\n<p style=\"text-align: center\">\u00a0Illustration zur Kurzgeschichte\u00a0<em>&#8222;Wie ich fluchen lernte&#8220;<\/em>\u00a0von Dorothea Zeichmann,\u00a02013<\/p>\n<p style=\"text-align: justify\">Mit scharfem Schnitt wollte diese \u00dcbersetzung gesetzt sein. Die Technik der Federzeichnung mit schwarzer chinesischer Tusche erschien mir zu aller erst als das geeignetste Medium, dies in ad\u00e4quater Sch\u00e4rfe zu tun. Doch dann wurde mir im Zuge der Arbeit immer mehr bewu\u00dft, wie sehr die Handhabung der Feder mit dem <em>Schreiben<\/em>\u00a0verwandt ist, wie sehr sie zwischen Dorothea Zeichmanns Wort &amp; Satz kratzte. Der weiche chinesische Kalligraphiepinsel l\u00f6ste im Handumdrehen die spitze Feder ab. Der schnell gesetzte Pinselstrich, mehr verwandt mit dem\u00a0sicheren &amp; gro\u00dfz\u00fcgigen Duktus des Malers war pl\u00f6tzlich Sache.<\/p>\n<p style=\"text-align: center\"><a href=\"http:\/\/www.editiondaslabor.de\/blog\/wp-content\/uploads\/2013\/05\/speed-limits.jpg\"><img loading=\"lazy\" decoding=\"async\" class=\"aligncenter  wp-image-15375\" src=\"http:\/\/www.editiondaslabor.de\/blog\/wp-content\/uploads\/2013\/05\/speed-limits.jpg\" alt=\"\" width=\"504\" height=\"748\" srcset=\"http:\/\/www.editiondaslabor.de\/blog\/wp-content\/uploads\/2013\/05\/speed-limits.jpg 600w, http:\/\/www.editiondaslabor.de\/blog\/wp-content\/uploads\/2013\/05\/speed-limits-202x300.jpg 202w\" sizes=\"auto, (max-width: 504px) 100vw, 504px\" \/><\/a><\/p>\n<p style=\"text-align: center\">Andreas Roseneder \u00a0<em>\u00a0&#8222;speed limits&#8220;, \u00a0<\/em>chinesische Tusche auf deutschem Papier, 2013<\/p>\n<p style=\"text-align: center\"><a href=\"http:\/\/www.editiondaslabor.de\/blog\/wp-content\/uploads\/2013\/04\/DW3.jpg\"><br \/>\n<img loading=\"lazy\" decoding=\"async\" class=\"aligncenter  wp-image-14846\" src=\"http:\/\/www.editiondaslabor.de\/blog\/wp-content\/uploads\/2013\/04\/DW3.jpg\" alt=\"\" width=\"720\" height=\"542\" srcset=\"http:\/\/www.editiondaslabor.de\/blog\/wp-content\/uploads\/2013\/04\/DW3.jpg 1200w, http:\/\/www.editiondaslabor.de\/blog\/wp-content\/uploads\/2013\/04\/DW3-300x225.jpg 300w, http:\/\/www.editiondaslabor.de\/blog\/wp-content\/uploads\/2013\/04\/DW3-1024x770.jpg 1024w\" sizes=\"auto, (max-width: 720px) 100vw, 720px\" \/><\/a><\/p>\n<p style=\"text-align: center\">Andreas Roseneder \u00a0<em>\u00a0&#8222;&#8230;ein Wesen, das sie, wenn es will, zum Beispiel auch vernichten kann&#8230;&#8220;, \u00a0<\/em>chinesische Tusche auf deutschem Papier<\/p>\n<p style=\"text-align: center\">Illustration zur Kurzgeschichte\u00a0<em>&#8222;Ameisen&#8220;<\/em>\u00a0von Dorothea Zeichmann,\u00a02013<\/p>\n<p style=\"text-align: justify\">Text &amp; \u00a0Zeichnungen sind in der Zwischenzeit zum Druck entlassen.<\/p>\n<p style=\"text-align: center\"><a href=\"http:\/\/www.editiondaslabor.de\/blog\/wp-content\/uploads\/2013\/05\/cover2.jpg\"><br \/>\n<\/a><\/p>\n<p style=\"text-align: center\"><a href=\"http:\/\/www.editiondaslabor.de\/blog\/wp-content\/uploads\/2013\/05\/wenn-ich-das-gewusstz-haette.jpg\"><img loading=\"lazy\" decoding=\"async\" class=\"aligncenter  wp-image-14933\" src=\"http:\/\/www.editiondaslabor.de\/blog\/wp-content\/uploads\/2013\/05\/wenn-ich-das-gewusstz-haette.jpg\" alt=\"\" width=\"630\" height=\"516\" srcset=\"http:\/\/www.editiondaslabor.de\/blog\/wp-content\/uploads\/2013\/05\/wenn-ich-das-gewusstz-haette.jpg 1000w, http:\/\/www.editiondaslabor.de\/blog\/wp-content\/uploads\/2013\/05\/wenn-ich-das-gewusstz-haette-300x245.jpg 300w\" sizes=\"auto, (max-width: 630px) 100vw, 630px\" \/><\/a><\/p>\n<p style=\"text-align: center\">Andreas Roseneder \u00a0<em>\u00a0&#8222;&#8230;Ein Mann war an H\u00e4nden und F\u00fc\u00dfen angekettet&#8230;.&#8220;, \u00a0<\/em>chinesische Tusche auf deutschem Papier<\/p>\n<p style=\"text-align: center\">\u00a0Illustration zur Kurzgeschichte\u00a0<em>&#8222;Die Wiederkehr&#8220;<\/em>\u00a0von Dorothea Zeichmann,\u00a02013<\/p>\n<p style=\"text-align: center\"><a href=\"http:\/\/www.editiondaslabor.de\/blog\/wp-content\/uploads\/2013\/05\/ich-habe-das-verdient.jpg\"><img loading=\"lazy\" decoding=\"async\" class=\"aligncenter  wp-image-14932\" src=\"http:\/\/www.editiondaslabor.de\/blog\/wp-content\/uploads\/2013\/05\/ich-habe-das-verdient.jpg\" alt=\"\" width=\"343\" height=\"346\" srcset=\"http:\/\/www.editiondaslabor.de\/blog\/wp-content\/uploads\/2013\/05\/ich-habe-das-verdient.jpg 951w, http:\/\/www.editiondaslabor.de\/blog\/wp-content\/uploads\/2013\/05\/ich-habe-das-verdient-150x150.jpg 150w, http:\/\/www.editiondaslabor.de\/blog\/wp-content\/uploads\/2013\/05\/ich-habe-das-verdient-297x300.jpg 297w\" sizes=\"auto, (max-width: 343px) 100vw, 343px\" \/><\/a><\/p>\n<p style=\"text-align: center\">Andreas Roseneder \u00a0<em>\u00a0&#8222;Ich habe das verdient&#8220;, \u00a0<\/em>chinesische Tusche auf deutschem Papier<\/p>\n<p style=\"text-align: center\">\u00a0Illustration zur Kurzgeschichte\u00a0<em>&#8222;Die Wiederkehr&#8220;<\/em>\u00a0von Dorothea Zeichmann,\u00a02013<\/p>\n<p style=\"text-align: justify\">Das Buch wird demn\u00e4chst unter dem Titel\u00a0<em>&#8222;Der Wunsch \/ \u017delja&#8220;\u00a0<\/em>in deutscher &amp; kroatischer Sprache<em>\u00a0<\/em>im burgenl\u00e4ndisch-kroatischen Verlag HKDC in Eisenstadt erscheinen.<\/p>\n<p><a href=\"http:\/\/www.editiondaslabor.de\/blog\/wp-content\/uploads\/2013\/05\/cover2.jpg\"><img loading=\"lazy\" decoding=\"async\" src=\"http:\/\/www.editiondaslabor.de\/blog\/wp-content\/uploads\/2013\/05\/cover2.jpg\" alt=\"\" width=\"715\" height=\"340\" \/><\/a><\/p>\n<p>&nbsp;<\/p>\n<p style=\"text-align: center\"><a href=\"http:\/\/www.editiondaslabor.de\/blog\/wp-content\/uploads\/2013\/04\/DW2.jpg\"><br \/>\n<\/a><\/p>\n","protected":false},"excerpt":{"rendered":"<p>DIAlog der gestandenen Vernuft mit \u00a0erahnter Vision? &#8211; gebiert dies Ungeheuer? &#8211; \u00a0&#8222;Die Phantasie, verlassen von der Vernunft, erzeugt unm\u00f6gliche Ungeheuer; vereint mit ihr ist sie die Mutter der K\u00fcnste und Ursprung der Wunder&#8220; spricht\u00a0\u00a0Franciso de Goja\u00a0zu seinem dreiundvierzigsten Blatt&hellip;<\/p>\n<p class=\"more-link-p\"><a class=\"more-link\" href=\"http:\/\/www.editiondaslabor.de\/blog\/2013\/05\/11\/dia-log\/\">Read more &rarr;<\/a><\/p>\n","protected":false},"author":7,"featured_media":0,"comment_status":"closed","ping_status":"open","sticky":false,"template":"","format":"standard","meta":{"footnotes":""},"categories":[1],"tags":[1205,55,1200,1204,494,156],"class_list":["post-14842","post","type-post","status-publish","format-standard","hentry","category-literatur","tag-alfred-kubin","tag-andreas-roseneder","tag-dorothea-zeichmann","tag-franciso-de-goja","tag-franz-kafka","tag-rene-desor"],"_links":{"self":[{"href":"http:\/\/www.editiondaslabor.de\/blog\/wp-json\/wp\/v2\/posts\/14842","targetHints":{"allow":["GET"]}}],"collection":[{"href":"http:\/\/www.editiondaslabor.de\/blog\/wp-json\/wp\/v2\/posts"}],"about":[{"href":"http:\/\/www.editiondaslabor.de\/blog\/wp-json\/wp\/v2\/types\/post"}],"author":[{"embeddable":true,"href":"http:\/\/www.editiondaslabor.de\/blog\/wp-json\/wp\/v2\/users\/7"}],"replies":[{"embeddable":true,"href":"http:\/\/www.editiondaslabor.de\/blog\/wp-json\/wp\/v2\/comments?post=14842"}],"version-history":[{"count":0,"href":"http:\/\/www.editiondaslabor.de\/blog\/wp-json\/wp\/v2\/posts\/14842\/revisions"}],"wp:attachment":[{"href":"http:\/\/www.editiondaslabor.de\/blog\/wp-json\/wp\/v2\/media?parent=14842"}],"wp:term":[{"taxonomy":"category","embeddable":true,"href":"http:\/\/www.editiondaslabor.de\/blog\/wp-json\/wp\/v2\/categories?post=14842"},{"taxonomy":"post_tag","embeddable":true,"href":"http:\/\/www.editiondaslabor.de\/blog\/wp-json\/wp\/v2\/tags?post=14842"}],"curies":[{"name":"wp","href":"https:\/\/api.w.org\/{rel}","templated":true}]}}