{"id":14785,"date":"2024-06-20T00:01:18","date_gmt":"2024-06-19T22:01:18","guid":{"rendered":"http:\/\/www.editiondaslabor.de\/blog\/?p=14785"},"modified":"2022-02-23T05:29:54","modified_gmt":"2022-02-23T04:29:54","slug":"stotzer-ein-auszug","status":"publish","type":"post","link":"http:\/\/www.editiondaslabor.de\/blog\/2024\/06\/20\/stotzer-ein-auszug\/","title":{"rendered":"St\u00f6tzer, ein Auszug"},"content":{"rendered":"<p>&nbsp;<\/p>\n<p>St\u00f6tzer klagte \u00fcber schmerzende F\u00fc\u00dfe, ich aber ging beschwingt<\/p>\n<p>von dem Gedanken, dass ich es war, der diesen Platz entdeckt hatte,<\/p>\n<p>mit federnden Schritten voran.<\/p>\n<p>Wir liefen querfeld nach Norden<\/p>\n<p>zum Venusberg. Komm schon St\u00f6tzer, rief ich, es lohnt sich,<\/p>\n<p>und h\u00f6rte in meinem R\u00fccken ungl\u00e4ubiges Schnaufen.<\/p>\n<p>&nbsp;<\/p>\n<p>Ich hatte nicht gedacht, dass es ihm, der sich derart flink<\/p>\n<p>durch die Stra\u00dfen bewegte, so schwer fiel, au\u00dferhalb der Stadt<\/p>\n<p>zu marschieren.<\/p>\n<p>Er tastete sich vorw\u00e4rts, unbeholfen, als bef\u00e4nde<\/p>\n<p>er sich<\/p>\n<p>in einem Raum, der nicht f\u00fcr ihn geschaffen war, ja in dem ihm sogar<\/p>\n<p>Feindschaft entgegenschlug. Dennoch war ich davon \u00fcberzeugt,<\/p>\n<p>&nbsp;<\/p>\n<p>dass ihn der Anblick des Ortes, zu dem ich ihn f\u00fchrte, entsch\u00e4digen w\u00fcrde<\/p>\n<p>f\u00fcr all die M\u00fchsal. Allein die Parkpl\u00e4tze dort waren nach einer seltsamen Logik<\/p>\n<p>angelegt und die Wendeschleifen w\u00fcrden ihn, wenn nicht erfreuen,<\/p>\n<p>so doch anregen k\u00f6nnen.<\/p>\n<p>&nbsp;<\/p>\n<p>Auf dem kleinen Weg, der die fertigen H\u00e4user<\/p>\n<p>von den im Bau befindlichen trennte, kam ich zum Stehen.<\/p>\n<p>&nbsp;<\/p>\n<p>Hier war das, woran ich dachte, am besten zu sehen. Die halbfertige Siedlung<\/p>\n<p>schottete sich jetzt schon derart gegen die Gegend ab,<\/p>\n<p>dass sie ein<\/p>\n<p>\u00dcberall in den Bausand buchstabierte.<\/p>\n<p>&nbsp;<\/p>\n<p>Und nach ihrer Erf\u00fcllung w\u00fcrde sie wie eine Schnecke in ihrem Geh\u00e4use<\/p>\n<p>verschwinden, wie in sich selbst. Schneller, St\u00f6tzer, rief ich,<\/p>\n<p>und drehte mich um.<\/p>\n<p>&nbsp;<\/p>\n<p>&nbsp;<\/p>\n<p>&nbsp;<\/p>\n<p style=\"text-align: center;\">***<\/p>\n<p style=\"text-align: justify;\"><strong>St\u00f6tzers Lied \u2013 Gesang vom Leben danach<\/strong>. Versepos von Jan<a href=\"http:\/\/www.editiondaslabor.de\/blog\/wp-content\/uploads\/2013\/04\/CoverKuhlbrodt.jpg\"><img loading=\"lazy\" decoding=\"async\" class=\"alignleft size-full wp-image-14757\" title=\"CoverKuhlbrodt\" src=\"http:\/\/www.editiondaslabor.de\/blog\/wp-content\/uploads\/2013\/04\/CoverKuhlbrodt.jpg\" alt=\"\" width=\"95\" height=\"123\" \/><\/a> Kuhlbrodt. llustrationen: Ivonne Dippmann 180 Seiten, Verlagshaus J. Frank Berlin 2013<\/p>\n<p style=\"text-align: justify;\"><strong>Weiterf\u00fchrend<\/strong> <strong>\u2192<\/strong> Poesie z\u00e4hlt f\u00fcr KUNO zu den identit\u00e4ts- und identifikationstiftenden Elementen der Kultur, dies bezeugt der Versuch einer <a href=\"http:\/\/www.editiondaslabor.de\/blog\/?p=25630\">poetologischen Positionsbestimmung<\/a>. Um den Widerstand gegen die gepolsterte Gegenwartslyrik ein wenig anzufachen schickte <span data-offset-key=\"d96ve-1-0\">Wolfgang Schlott<\/span><span data-offset-key=\"d96ve-2-0\"> dieses\u00a0 post-dadaistische <a href=\"http:\/\/www.editiondaslabor.de\/blog\/2016\/02\/03\/handwerkliche-anleitungen-zur-ueberwindung-von-schreibblockaden\/\">Manifest<\/a>. Warum<\/span> Lyrik wieder in die Zeitungen geh\u00f6rt <a href=\"http:\/\/www.editiondaslabor.de\/blog\/2017\/10\/07\/der-dichtung-eine-bresche-schlagen\/\">begr\u00fcndete<\/a> Walther Stonet, diese Forderung hat nichts an Aktualit\u00e4t verloren. Lesen Sie auch Maximilian Zanders <a href=\"http:\/\/www.editiondaslabor.de\/blog\/?p=5418\">Essay <\/a>\u00fcber Lyrik und ein R\u00fcckblick auf den <a href=\"http:\/\/www.editiondaslabor.de\/blog\/2014\/01\/08\/lyrik-katalog-bundesrepublik\/\"><em>Lyrik-Katalog Bundesrepublik<\/em><\/a>, sowie einen Essay \u00fcber den <a href=\"http:\/\/www.editiondaslabor.de\/blog\/2013\/12\/26\/lauschender-leser-und-redender-schreiber-2\/\">Lyrikvermittler<\/a> Theo Breuer. KUNO sch\u00e4tzt den minuti\u00f6sen Selbstinszenierungsprozess des lyrischen Dichter-Ichs von Ulrich Bergmann in der Reihe <a href=\"http:\/\/www.editiondaslabor.de\/blog\/?p=27947\">Keine Bojen auf hoher See, nur Sterne \u2026 und Schwerkraft. Gedanken \u00fcber das lyrische Schreiben<\/a>. Lesen Sie ein <a href=\"http:\/\/www.editiondaslabor.de\/blog\/?p=22835\">Portr\u00e4t <\/a>\u00fcber die interdisziplin\u00e4re T\u00e4tigkeit von Angelika Janz, sowie einen <a href=\"http:\/\/www.editiondaslabor.de\/blog\/?p=29450\">Essay<\/a> der <em>Fragmenttexterin.<\/em> Ein Portr\u00e4t von Sophie Reyer findet sich\u00a0<a href=\"http:\/\/www.editiondaslabor.de\/blog\/2013\/10\/08\/von-sappho-zu-sophie\/\">hier<\/a>, ein Essay fasst das transmediale Projekt<em> \u201e<a href=\"http:\/\/www.editiondaslabor.de\/blog\/2021\/04\/14\/bi-textualitaet\/\">Wortspielhalle<\/a>\u201c <\/em>zusammen<em>. <\/em>Auf KUNO lesen Sie u.a. Rezensionsessays von <a href=\"http:\/\/www.editiondaslabor.de\/blog\/2015\/06\/17\/beschwoerungszauber\/\">Holger Benkel<\/a> \u00fcber <a href=\"http:\/\/www.editiondaslabor.de\/blog\/?p=15175\">Andr\u00e9 Schinkel<\/a>, <a href=\"http:\/\/www.editiondaslabor.de\/blog\/2017\/11\/12\/mit-deutschen-untertiteln\/\">Ralph Pordzik<\/a>,\u00a0<a href=\"http:\/\/www.editiondaslabor.de\/blog\/2018\/12\/20\/wohnraeume-der-poesie\/\">Friederike Mayr\u00f6cker<\/a>, <a href=\"http:\/\/www.editiondaslabor.de\/blog\/2017\/03\/19\/welten-gegenwelten\/\">Werner Weimar-Mazur<\/a>, <a href=\"http:\/\/www.editiondaslabor.de\/blog\/2019\/06\/26\/wohnraeume-der-poesie-2\/\">Peter Engstler<\/a>, <a href=\"http:\/\/www.editiondaslabor.de\/blog\/?p=15177\">Birgitt Lieberwirth<\/a>, <a href=\"http:\/\/www.editiondaslabor.de\/blog\/2019\/08\/17\/der-grill-auf-der-hauswiese-der-welt\/\">Linda Vilhj\u00e1lmsd\u00f3ttir<\/a>, und <a href=\"http:\/\/www.editiondaslabor.de\/blog\/2017\/09\/17\/rettungsversuche-der-literatur-im-digitalen-raum\/\">A.J. Weigoni<\/a>. Lesenswert auch die <a href=\"http:\/\/www.editiondaslabor.de\/blog\/2020\/05\/16\/verseschmied-und-lyrikfischer\/\">Gratulation<\/a> von Axel Kutsch durch Markus Peters zum 75. Geburtstag. Nicht zu vergessen eine Empfehlung der kristallklaren Lyrik von <a href=\"http:\/\/www.editiondaslabor.de\/blog\/2020\/01\/19\/die-lyrikerin-ines-hagemeyer\/\">Ines Hagemeyer<\/a>. Diese Betrachtungen versammeln sich in der Tradition von <a href=\"http:\/\/www.editiondaslabor.de\/blog\/2000\/04\/04\/vauo\/\">V.O. Stomps<\/a>, dem Klassiker des Andersseins, dem <a href=\"http:\/\/www.editiondaslabor.de\/blog\/2005\/09\/24\/erinnerungen\/\">Bottroper Literaturrocker<\/a> \u201eBiby\u201c Wintjes und Hadayatullah H\u00fcbsch, dem Urvater des <a href=\"http:\/\/www.editiondaslabor.de\/blog\/1995\/06\/30\/wie-was-social-beat-ist-und-warum-und-warum-nicht\/\"><em>Social-Beat<\/em><\/a>, im KUNO-Online-Archiv. Wir empfehlen f\u00fcr Neulinge als Einstieg in das weite Feld der nonkonformistischen Literatur <a href=\"http:\/\/www.editiondaslabor.de\/blog\/2001\/04\/01\/nonkonformistische-literatur\/\">diesem Hinweis<\/a> zu folgen.<\/p>\n","protected":false},"excerpt":{"rendered":"<p>&nbsp; St\u00f6tzer klagte \u00fcber schmerzende F\u00fc\u00dfe, ich aber ging beschwingt von dem Gedanken, dass ich es war, der diesen Platz entdeckt hatte, mit federnden Schritten voran. Wir liefen querfeld nach Norden zum Venusberg. Komm schon St\u00f6tzer, rief ich, es lohnt&hellip;<\/p>\n<p class=\"more-link-p\"><a class=\"more-link\" href=\"http:\/\/www.editiondaslabor.de\/blog\/2024\/06\/20\/stotzer-ein-auszug\/\">Read more &rarr;<\/a><\/p>\n","protected":false},"author":49,"featured_media":99677,"comment_status":"closed","ping_status":"open","sticky":false,"template":"","format":"standard","meta":{"footnotes":""},"categories":[1],"tags":[924],"class_list":["post-14785","post","type-post","status-publish","format-standard","has-post-thumbnail","hentry","category-literatur","tag-jan-kuhlbrodt"],"_links":{"self":[{"href":"http:\/\/www.editiondaslabor.de\/blog\/wp-json\/wp\/v2\/posts\/14785","targetHints":{"allow":["GET"]}}],"collection":[{"href":"http:\/\/www.editiondaslabor.de\/blog\/wp-json\/wp\/v2\/posts"}],"about":[{"href":"http:\/\/www.editiondaslabor.de\/blog\/wp-json\/wp\/v2\/types\/post"}],"author":[{"embeddable":true,"href":"http:\/\/www.editiondaslabor.de\/blog\/wp-json\/wp\/v2\/users\/49"}],"replies":[{"embeddable":true,"href":"http:\/\/www.editiondaslabor.de\/blog\/wp-json\/wp\/v2\/comments?post=14785"}],"version-history":[{"count":2,"href":"http:\/\/www.editiondaslabor.de\/blog\/wp-json\/wp\/v2\/posts\/14785\/revisions"}],"predecessor-version":[{"id":99678,"href":"http:\/\/www.editiondaslabor.de\/blog\/wp-json\/wp\/v2\/posts\/14785\/revisions\/99678"}],"wp:featuredmedia":[{"embeddable":true,"href":"http:\/\/www.editiondaslabor.de\/blog\/wp-json\/wp\/v2\/media\/99677"}],"wp:attachment":[{"href":"http:\/\/www.editiondaslabor.de\/blog\/wp-json\/wp\/v2\/media?parent=14785"}],"wp:term":[{"taxonomy":"category","embeddable":true,"href":"http:\/\/www.editiondaslabor.de\/blog\/wp-json\/wp\/v2\/categories?post=14785"},{"taxonomy":"post_tag","embeddable":true,"href":"http:\/\/www.editiondaslabor.de\/blog\/wp-json\/wp\/v2\/tags?post=14785"}],"curies":[{"name":"wp","href":"https:\/\/api.w.org\/{rel}","templated":true}]}}