{"id":14292,"date":"2006-11-25T00:00:50","date_gmt":"2006-11-24T23:00:50","guid":{"rendered":"http:\/\/www.editiondaslabor.de\/blog\/?p=14292"},"modified":"2021-10-31T17:10:39","modified_gmt":"2021-10-31T16:10:39","slug":"gedanken-die-um-ecken-biegen-2","status":"publish","type":"post","link":"http:\/\/www.editiondaslabor.de\/blog\/2006\/11\/25\/gedanken-die-um-ecken-biegen-2\/","title":{"rendered":"Gedanken, die um Ecken biegen"},"content":{"rendered":"<p>&nbsp;<\/p>\n<p style=\"text-align: justify;\">manche tr\u00e4ume gleichen der aus dem grab gestreckten hand des scheintoten kindes, dessen k\u00f6rper leben will. sie sind implosionen der ungelebten, zerlebten, abgelebten, zu fr\u00fch oder sp\u00e4t oder verkehrt durchlebten, totgemachten, totgesagten, totgedachten, totgef\u00fchlten inneren, also anderen welt, die, in seelischen abgr\u00fcnden gereift, utopische substanz freisetzt. und daher bedeutet kunst auch, den abgedr\u00e4ngten und verlorenen, abgefallenen und verworfenen, anst\u00f6\u00dfigen und auss\u00e4tzigen geistern im dunkel licht zu geben, die magisch wirken, indem sie uns in uns selbst hinabsto\u00dfen und unserer eigenen natur aussetzen. doch wiederum nicht zuviel licht, sonst zerstreuen sie sich darin oder sterben daran oder werden profan, vulg\u00e4r und anma\u00dfend.<\/p>\n<p>&nbsp;<\/p>\n<p>&nbsp;<\/p>\n<p style=\"text-align: center;\">***<\/p>\n<div id=\"attachment_21488\" style=\"width: 221px\" class=\"wp-caption alignleft\"><a href=\"http:\/\/www.editiondaslabor.de\/blog\/wp-content\/uploads\/2014\/01\/Cover11.jpg\"><img loading=\"lazy\" decoding=\"async\" aria-describedby=\"caption-attachment-21488\" class=\"size-full wp-image-21488\" src=\"http:\/\/www.editiondaslabor.de\/blog\/wp-content\/uploads\/2014\/01\/Cover11.jpg\" alt=\"\" width=\"211\" height=\"300\" \/><\/a><p id=\"caption-attachment-21488\" class=\"wp-caption-text\">Covermotiv von Gedanken, die um Ecken biegen, Uwe Albert, Technik: Aquarell \/ Feder<\/p><\/div>\n<p style=\"text-align: justify;\">Eine Vorschau auf: <strong>Gedanken, die um Ecken biegen<\/strong>, Aphorismen von Holger Benkel<\/p>\n<p style=\"text-align: justify;\"><strong>Weiterf\u00fchrend\u00a0\u2192 <\/strong>ein Essay \u00fcber die neue Literaturgattung <a href=\"http:\/\/www.editiondaslabor.de\/blog\/?p=22423\"><em>Twitteratur<\/em><\/a>.<\/p>\n","protected":false},"excerpt":{"rendered":"<p>&nbsp; manche tr\u00e4ume gleichen der aus dem grab gestreckten hand des scheintoten kindes, dessen k\u00f6rper leben will. sie sind implosionen der ungelebten, zerlebten, abgelebten, zu fr\u00fch oder sp\u00e4t oder verkehrt durchlebten, totgemachten, totgesagten, totgedachten, totgef\u00fchlten inneren, also anderen welt, die,&hellip;<\/p>\n<p class=\"more-link-p\"><a class=\"more-link\" href=\"http:\/\/www.editiondaslabor.de\/blog\/2006\/11\/25\/gedanken-die-um-ecken-biegen-2\/\">Read more &rarr;<\/a><\/p>\n","protected":false},"author":36,"featured_media":21488,"comment_status":"closed","ping_status":"open","sticky":false,"template":"","format":"standard","meta":{"footnotes":""},"categories":[1],"tags":[94],"class_list":["post-14292","post","type-post","status-publish","format-standard","has-post-thumbnail","hentry","category-literatur","tag-holger-benkel"],"_links":{"self":[{"href":"http:\/\/www.editiondaslabor.de\/blog\/wp-json\/wp\/v2\/posts\/14292","targetHints":{"allow":["GET"]}}],"collection":[{"href":"http:\/\/www.editiondaslabor.de\/blog\/wp-json\/wp\/v2\/posts"}],"about":[{"href":"http:\/\/www.editiondaslabor.de\/blog\/wp-json\/wp\/v2\/types\/post"}],"author":[{"embeddable":true,"href":"http:\/\/www.editiondaslabor.de\/blog\/wp-json\/wp\/v2\/users\/36"}],"replies":[{"embeddable":true,"href":"http:\/\/www.editiondaslabor.de\/blog\/wp-json\/wp\/v2\/comments?post=14292"}],"version-history":[{"count":0,"href":"http:\/\/www.editiondaslabor.de\/blog\/wp-json\/wp\/v2\/posts\/14292\/revisions"}],"wp:featuredmedia":[{"embeddable":true,"href":"http:\/\/www.editiondaslabor.de\/blog\/wp-json\/"}],"wp:attachment":[{"href":"http:\/\/www.editiondaslabor.de\/blog\/wp-json\/wp\/v2\/media?parent=14292"}],"wp:term":[{"taxonomy":"category","embeddable":true,"href":"http:\/\/www.editiondaslabor.de\/blog\/wp-json\/wp\/v2\/categories?post=14292"},{"taxonomy":"post_tag","embeddable":true,"href":"http:\/\/www.editiondaslabor.de\/blog\/wp-json\/wp\/v2\/tags?post=14292"}],"curies":[{"name":"wp","href":"https:\/\/api.w.org\/{rel}","templated":true}]}}