{"id":14213,"date":"2011-06-07T00:01:00","date_gmt":"2011-06-06T22:01:00","guid":{"rendered":"http:\/\/www.editiondaslabor.de\/blog\/?p=14213"},"modified":"2022-02-20T16:15:16","modified_gmt":"2022-02-20T15:15:16","slug":"mischung-der-dichtarten","status":"publish","type":"post","link":"http:\/\/www.editiondaslabor.de\/blog\/2011\/06\/07\/mischung-der-dichtarten\/","title":{"rendered":"Mischung der Dichtarten"},"content":{"rendered":"<p>&nbsp;<\/p>\n<p style=\"text-align: justify;\">Der tragische Dichter tut wohl, den lyrischen, der lyrische den epischen, der epische den tragischen zu studieren. Denn im tragischen liegt die Vollendung des epischen, im lyrischen die Vollendung des tragischen, im epischen die Vollendung des lyrischen. Denn wenn schon die Vollendung von allen ein vermischter Ausdruck von allen ist, so ist doch eine der drei Seiten in jedem die hervorstechendste.<\/p>\n<p>&nbsp;<\/p>\n<p>&nbsp;<\/p>\n<p style=\"text-align: center;\">***<\/p>\n<div id=\"attachment_14220\" style=\"width: 230px\" class=\"wp-caption alignleft\"><a href=\"http:\/\/www.editiondaslabor.de\/blog\/wp-content\/uploads\/2013\/03\/220px-Hoelderlin_1792.jpg\"><img loading=\"lazy\" decoding=\"async\" aria-describedby=\"caption-attachment-14220\" class=\"size-full wp-image-14220\" title=\"220px-Hoelderlin_1792\" src=\"http:\/\/www.editiondaslabor.de\/blog\/wp-content\/uploads\/2013\/03\/220px-Hoelderlin_1792.jpg\" alt=\"\" width=\"220\" height=\"294\" \/><\/a><p id=\"caption-attachment-14220\" class=\"wp-caption-text\">Friedrich H\u00f6lderlin, Pastell von Franz Karl Hiemer, 1792<\/p><\/div>\n<p style=\"text-align: justify;\"><strong>Weiterf\u00fchrend\u00a0\u2192 <\/strong>ein Essay \u00fcber die neue Literaturgattung <a href=\"http:\/\/www.editiondaslabor.de\/blog\/?p=22423\"><em>Twitteratur<\/em><\/a>.<\/p>\n<p style=\"text-align: justify;\">Friedrich H\u00f6lderlins Leben ist die Geschichte eines Einzelg\u00e4ngers, der keinen Halt im Leben fand, obwohl er hingebungsvoll liebte und geliebt wurde. Als Dichter, \u00dcbersetzer, Philosoph, Hauslehrer und Revolution\u00e4r lebte er in zerrei\u00dfenden Spannungen, unter denen er schlie\u00dflich zusammenbrach. Erst das 20. Jahrhundert entdeckte seine tats\u00e4chliche Bedeutung, manche verkl\u00e4rten ihn sogar zu einem Mythos.<\/p>\n<p style=\"text-align: justify;\"><strong>\u00a0<\/strong><strong>\u2192<\/strong>\u00a0Ulrich Bergmann hat das St\u00fcck \u201eDer Tod des Empedokles\u201c neu gelesen und fand ein <a href=\"http:\/\/www.editiondaslabor.de\/blog\/2020\/03\/25\/der-ueberbau-der-freiheit\/\">Gedicht<\/a>.<\/p>\n<p style=\"text-align: justify;\"><strong>\u2192<\/strong>\u00a0Poesie ist das identit\u00e4tsstiftende Element der Kultur, KUNOs <a href=\"http:\/\/www.editiondaslabor.de\/blog\/?p=25630\">poetologische Positionsbestimmung<\/a>.<\/p>\n<p style=\"text-align: justify;\"><strong>\u2192<\/strong>\u00a0Lesen Sie auch Friedrich H\u00f6lderlins Essay <a href=\"http:\/\/www.editiondaslabor.de\/blog\/?p=14232\">\u00dcber die Verfahrungsweise des poetischen Geistes<\/a><\/p>\n<p style=\"text-align: justify;\"><strong>\u2192<\/strong> Wir begreifen die Gattung des Essays auf KUNO als eine <a href=\"http:\/\/www.editiondaslabor.de\/blog\/2013\/12\/10\/zur-gattung-essay\/\">Versuchsanordnung<\/a>, undogmatisch, subjektiv, experimentell, ergebnisoffen.<\/p>\n<p><!-- \/wp:post-content --><\/p>\n","protected":false},"excerpt":{"rendered":"<p>&nbsp; Der tragische Dichter tut wohl, den lyrischen, der lyrische den epischen, der epische den tragischen zu studieren. Denn im tragischen liegt die Vollendung des epischen, im lyrischen die Vollendung des tragischen, im epischen die Vollendung des lyrischen. Denn wenn&hellip;<\/p>\n<p class=\"more-link-p\"><a class=\"more-link\" href=\"http:\/\/www.editiondaslabor.de\/blog\/2011\/06\/07\/mischung-der-dichtarten\/\">Read more &rarr;<\/a><\/p>\n","protected":false},"author":91,"featured_media":98741,"comment_status":"closed","ping_status":"open","sticky":false,"template":"","format":"standard","meta":{"footnotes":""},"categories":[1],"tags":[220],"class_list":["post-14213","post","type-post","status-publish","format-standard","has-post-thumbnail","hentry","category-literatur","tag-friedrich-holderlin"],"_links":{"self":[{"href":"http:\/\/www.editiondaslabor.de\/blog\/wp-json\/wp\/v2\/posts\/14213","targetHints":{"allow":["GET"]}}],"collection":[{"href":"http:\/\/www.editiondaslabor.de\/blog\/wp-json\/wp\/v2\/posts"}],"about":[{"href":"http:\/\/www.editiondaslabor.de\/blog\/wp-json\/wp\/v2\/types\/post"}],"author":[{"embeddable":true,"href":"http:\/\/www.editiondaslabor.de\/blog\/wp-json\/wp\/v2\/users\/91"}],"replies":[{"embeddable":true,"href":"http:\/\/www.editiondaslabor.de\/blog\/wp-json\/wp\/v2\/comments?post=14213"}],"version-history":[{"count":3,"href":"http:\/\/www.editiondaslabor.de\/blog\/wp-json\/wp\/v2\/posts\/14213\/revisions"}],"predecessor-version":[{"id":98837,"href":"http:\/\/www.editiondaslabor.de\/blog\/wp-json\/wp\/v2\/posts\/14213\/revisions\/98837"}],"wp:featuredmedia":[{"embeddable":true,"href":"http:\/\/www.editiondaslabor.de\/blog\/wp-json\/wp\/v2\/media\/98741"}],"wp:attachment":[{"href":"http:\/\/www.editiondaslabor.de\/blog\/wp-json\/wp\/v2\/media?parent=14213"}],"wp:term":[{"taxonomy":"category","embeddable":true,"href":"http:\/\/www.editiondaslabor.de\/blog\/wp-json\/wp\/v2\/categories?post=14213"},{"taxonomy":"post_tag","embeddable":true,"href":"http:\/\/www.editiondaslabor.de\/blog\/wp-json\/wp\/v2\/tags?post=14213"}],"curies":[{"name":"wp","href":"https:\/\/api.w.org\/{rel}","templated":true}]}}