{"id":14023,"date":"1989-05-02T00:01:04","date_gmt":"1989-05-01T22:01:04","guid":{"rendered":"http:\/\/www.editiondaslabor.de\/blog\/?p=14023"},"modified":"2022-02-24T10:56:01","modified_gmt":"2022-02-24T09:56:01","slug":"ich-sehe-dich","status":"publish","type":"post","link":"http:\/\/www.editiondaslabor.de\/blog\/1989\/05\/02\/ich-sehe-dich\/","title":{"rendered":"Ich sehe dich"},"content":{"rendered":"<p>&nbsp;<\/p>\n<p>Ich sehe dich in tausend Bildern,<\/p>\n<p>Maria, lieblich ausgedr\u00fcckt,<\/p>\n<p>Doch keins von allen kann dich schildern,<\/p>\n<p>Wie meine Seele dich erblickt.<\/p>\n<p>Ich wei\u00df nur, da\u00df der Welt Get\u00fcmmel<\/p>\n<p>Seitdem mir wie ein Traum verweht,<\/p>\n<p>Und ein unnennbar s\u00fc\u00dfer Himmel<\/p>\n<p>Mir ewig im Gem\u00fcthe steht.<\/p>\n<p>&nbsp;<\/p>\n<p>&nbsp;<\/p>\n<p>&nbsp;<\/p>\n<p style=\"text-align: justify;\"><strong><img loading=\"lazy\" decoding=\"async\" class=\"alignleft size-full wp-image-99790\" src=\"http:\/\/www.editiondaslabor.de\/blog\/wp-content\/uploads\/2025\/05\/Novalis-e1645610465288.jpg\" alt=\"\" width=\"281\" height=\"300\" \/>Weiterf\u00fchrend\u00a0<\/strong><strong>\u2192\u00a0<\/strong><\/p>\n<p style=\"text-align: justify;\">Poesie ist das identit\u00e4tsstiftende Element der Kultur, KUNOs <a href=\"http:\/\/www.editiondaslabor.de\/blog\/?p=25630\">poetologische Positionsbestimmung<\/a>.<\/p>\n","protected":false},"excerpt":{"rendered":"<p>&nbsp; Ich sehe dich in tausend Bildern, Maria, lieblich ausgedr\u00fcckt, Doch keins von allen kann dich schildern, Wie meine Seele dich erblickt. Ich wei\u00df nur, da\u00df der Welt Get\u00fcmmel Seitdem mir wie ein Traum verweht, Und ein unnennbar s\u00fc\u00dfer Himmel&hellip;<\/p>\n<p class=\"more-link-p\"><a class=\"more-link\" href=\"http:\/\/www.editiondaslabor.de\/blog\/1989\/05\/02\/ich-sehe-dich\/\">Read more &rarr;<\/a><\/p>\n","protected":false},"author":79,"featured_media":99790,"comment_status":"closed","ping_status":"open","sticky":false,"template":"","format":"standard","meta":{"footnotes":""},"categories":[1],"tags":[434],"class_list":["post-14023","post","type-post","status-publish","format-standard","has-post-thumbnail","hentry","category-literatur","tag-novalis"],"_links":{"self":[{"href":"http:\/\/www.editiondaslabor.de\/blog\/wp-json\/wp\/v2\/posts\/14023","targetHints":{"allow":["GET"]}}],"collection":[{"href":"http:\/\/www.editiondaslabor.de\/blog\/wp-json\/wp\/v2\/posts"}],"about":[{"href":"http:\/\/www.editiondaslabor.de\/blog\/wp-json\/wp\/v2\/types\/post"}],"author":[{"embeddable":true,"href":"http:\/\/www.editiondaslabor.de\/blog\/wp-json\/wp\/v2\/users\/79"}],"replies":[{"embeddable":true,"href":"http:\/\/www.editiondaslabor.de\/blog\/wp-json\/wp\/v2\/comments?post=14023"}],"version-history":[{"count":2,"href":"http:\/\/www.editiondaslabor.de\/blog\/wp-json\/wp\/v2\/posts\/14023\/revisions"}],"predecessor-version":[{"id":100118,"href":"http:\/\/www.editiondaslabor.de\/blog\/wp-json\/wp\/v2\/posts\/14023\/revisions\/100118"}],"wp:featuredmedia":[{"embeddable":true,"href":"http:\/\/www.editiondaslabor.de\/blog\/wp-json\/wp\/v2\/media\/99790"}],"wp:attachment":[{"href":"http:\/\/www.editiondaslabor.de\/blog\/wp-json\/wp\/v2\/media?parent=14023"}],"wp:term":[{"taxonomy":"category","embeddable":true,"href":"http:\/\/www.editiondaslabor.de\/blog\/wp-json\/wp\/v2\/categories?post=14023"},{"taxonomy":"post_tag","embeddable":true,"href":"http:\/\/www.editiondaslabor.de\/blog\/wp-json\/wp\/v2\/tags?post=14023"}],"curies":[{"name":"wp","href":"https:\/\/api.w.org\/{rel}","templated":true}]}}