{"id":13212,"date":"2013-12-06T00:01:59","date_gmt":"2013-12-05T23:01:59","guid":{"rendered":"http:\/\/www.editiondaslabor.de\/blog\/?p=13212"},"modified":"2020-10-18T06:02:09","modified_gmt":"2020-10-18T04:02:09","slug":"brief-eines-malers-an-seinen-sohn","status":"publish","type":"post","link":"http:\/\/www.editiondaslabor.de\/blog\/2013\/12\/06\/brief-eines-malers-an-seinen-sohn\/","title":{"rendered":"Brief eines Malers an seinen Sohn"},"content":{"rendered":"<p>Mein lieber Sohn,<\/p>\n<p style=\"text-align: justify;\"><a href=\"http:\/\/www.editiondaslabor.de\/blog\/wp-content\/uploads\/2013\/12\/Barock1.jpg\"><img loading=\"lazy\" decoding=\"async\" class=\"alignleft size-medium wp-image-20663\" title=\"Barock\" src=\"http:\/\/www.editiondaslabor.de\/blog\/wp-content\/uploads\/2013\/12\/Barock1-238x300.jpg\" alt=\"\" width=\"238\" height=\"300\" srcset=\"http:\/\/www.editiondaslabor.de\/blog\/wp-content\/uploads\/2013\/12\/Barock1-238x300.jpg 238w, http:\/\/www.editiondaslabor.de\/blog\/wp-content\/uploads\/2013\/12\/Barock1.jpg 763w\" sizes=\"auto, (max-width: 238px) 100vw, 238px\" \/><\/a>Du schreibst mir, da\u00df du eine Madonna malst, und da\u00df dein Gef\u00fchl dir, f\u00fcr die Vollendung dieses Werks, so unrein und k\u00f6rperlich d\u00fcnkt, da\u00df du jedesmal, bevor du zum Pinsel greifst, das Abendmahl nehmen m\u00f6chtest, um es zu heiligen. La\u00df dir von deinem alten Vater sagen, da\u00df dies eine falsche, dir von der Schule, aus der du herstammst, anklebende Begeisterung ist, und da\u00df es, nach Anleitung unserer w\u00fcrdigen alten Meister, mit einer gemeinen, aber \u00fcbrigens rechtschaffenen Lust an dem Spiel, deine Einbildungen auf die Leinwand zu bringen, v\u00f6llig abgemacht ist. Die Welt ist eine wunderliche Einrichtung; und die g\u00f6ttlichsten Wirkungen, mein lieber Sohn, gehen aus den niedrigsten und unscheinbarsten Ursachen hervor. Der Mensch, um dir ein Beispiel zu geben, das in die Augen springt, gewi\u00df, er ist ein erhabenes Gesch\u00f6pf; und gleichwohl, in dem Augenblick, da man ihn macht, ist es nicht n\u00f6tig, da\u00df man dies, mit vieler Heiligkeit, bedenke. Ja, derjenige, der das Abendmahl darauf n\u00e4hme, und mit dem blo\u00dfen Vorsatz ans Werk ginge, seinen Begriff davon in der Sinnenwelt zu konstruieren, w\u00fcrde ohnfehlbar ein \u00e4rmliches und gebrechliches Wesen hervorbringen; dagegen derjenige, der, in einer heitern Sommernacht, ein M\u00e4dchen, ohne weiteren Gedanken, k\u00fc\u00dft, zweifelsohne einen Jungen zur Welt bringt, der nachher, auf r\u00fcstige Weise, zwischen Erde und Himmel herumklettert, und den Philosophen zu schaffen gibt. Und hiermit Gott befohlen.<\/p>\n<p>&nbsp;<\/p>\n<p>&nbsp;<\/p>\n<p align=\"center\">***<\/p>\n<p style=\"text-align: justify;\" align=\"center\">Ank\u00fcndigung: <strong>Alphabetikon<\/strong>, aktuelle Arbeiten von Haimo Hieronymus in der Werkstattgalerie Der Bogen (M\u00f6hnestr. 58 \/ 59757 Neheim bei Arnsberg).<\/p>\n<p style=\"text-align: justify;\" align=\"center\">Dauer der Ausstellung 19. Januar &#8211; 7. Februar 2014.<\/p>\n<p class=\"hide-if-no-js\" style=\"text-align: justify;\"><a id=\"set-post-thumbnail\" class=\"thickbox\" title=\"Beitragsbild festlegen\" href=\"http:\/\/www.editiondaslabor.de\/blog\/wp-admin\/media-upload.php?post_id=21932&amp;type=image&amp;TB_iframe=1\"><img loading=\"lazy\" decoding=\"async\" class=\"attachment-266x266 alignleft\" src=\"http:\/\/www.editiondaslabor.de\/blog\/wp-content\/uploads\/2014\/01\/AlphabetikonCover-300x200.jpg\" alt=\"AlphabetikonCover\" width=\"266\" height=\"177\" \/><\/a><\/p>\n<p style=\"text-align: justify;\"><strong>Weiterf\u00fchrend \u2192<\/strong> Zum Thema K\u00fcnstlerb\u00fccher finden Sie hier einen <a href=\"http:\/\/www.editiondaslabor.de\/blog\/?p=12840\">Essay<\/a> sowie einen <a href=\"http:\/\/www.editiondaslabor.de\/blog\/?p=834\">Artikel<\/a> von J.C. Albers. Vertiefend auch das <a href=\"http:\/\/www.editiondaslabor.de\/blog\/?p=21407\">Kollegengespr\u00e4ch<\/a> mit Haimo Hieronymus.<\/p>\n<p style=\"text-align: justify;\">Die K\u00fcnstlerbucher sind erh\u00e4ltlich \u00fcber die Werkstattgalerie Der Bogen, Tel. 0173 7276421<\/p>\n","protected":false},"excerpt":{"rendered":"<p>Mein lieber Sohn, Du schreibst mir, da\u00df du eine Madonna malst, und da\u00df dein Gef\u00fchl dir, f\u00fcr die Vollendung dieses Werks, so unrein und k\u00f6rperlich d\u00fcnkt, da\u00df du jedesmal, bevor du zum Pinsel greifst, das Abendmahl nehmen m\u00f6chtest, um es&hellip;<\/p>\n<p class=\"more-link-p\"><a class=\"more-link\" href=\"http:\/\/www.editiondaslabor.de\/blog\/2013\/12\/06\/brief-eines-malers-an-seinen-sohn\/\">Read more &rarr;<\/a><\/p>\n","protected":false},"author":69,"featured_media":21927,"comment_status":"closed","ping_status":"open","sticky":false,"template":"","format":"standard","meta":{"footnotes":""},"categories":[1],"tags":[44,1084],"class_list":["post-13212","post","type-post","status-publish","format-standard","has-post-thumbnail","hentry","category-literatur","tag-haimo-hieronymus","tag-heinrich-von-kleist"],"_links":{"self":[{"href":"http:\/\/www.editiondaslabor.de\/blog\/wp-json\/wp\/v2\/posts\/13212","targetHints":{"allow":["GET"]}}],"collection":[{"href":"http:\/\/www.editiondaslabor.de\/blog\/wp-json\/wp\/v2\/posts"}],"about":[{"href":"http:\/\/www.editiondaslabor.de\/blog\/wp-json\/wp\/v2\/types\/post"}],"author":[{"embeddable":true,"href":"http:\/\/www.editiondaslabor.de\/blog\/wp-json\/wp\/v2\/users\/69"}],"replies":[{"embeddable":true,"href":"http:\/\/www.editiondaslabor.de\/blog\/wp-json\/wp\/v2\/comments?post=13212"}],"version-history":[{"count":0,"href":"http:\/\/www.editiondaslabor.de\/blog\/wp-json\/wp\/v2\/posts\/13212\/revisions"}],"wp:featuredmedia":[{"embeddable":true,"href":"http:\/\/www.editiondaslabor.de\/blog\/wp-json\/"}],"wp:attachment":[{"href":"http:\/\/www.editiondaslabor.de\/blog\/wp-json\/wp\/v2\/media?parent=13212"}],"wp:term":[{"taxonomy":"category","embeddable":true,"href":"http:\/\/www.editiondaslabor.de\/blog\/wp-json\/wp\/v2\/categories?post=13212"},{"taxonomy":"post_tag","embeddable":true,"href":"http:\/\/www.editiondaslabor.de\/blog\/wp-json\/wp\/v2\/tags?post=13212"}],"curies":[{"name":"wp","href":"https:\/\/api.w.org\/{rel}","templated":true}]}}