{"id":13171,"date":"2013-02-16T00:01:41","date_gmt":"2013-02-15T23:01:41","guid":{"rendered":"http:\/\/www.editiondaslabor.de\/blog\/?p=13171"},"modified":"2021-04-02T17:04:44","modified_gmt":"2021-04-02T15:04:44","slug":"marias-2","status":"publish","type":"post","link":"http:\/\/www.editiondaslabor.de\/blog\/2013\/02\/16\/marias-2\/","title":{"rendered":"MARIAS. Ein Nekrolog"},"content":{"rendered":"<p style=\"text-align: justify;\">Die Galerie amschatzhaus freut sich die in K\u00f6ln lebende, \u00f6sterreichische Autorin Sophie Reyer zu begr\u00fc\u00dfen. Reyer, die auch als Komponistin arbeitet, wird aus ihrem Prosatext\u00a0<em>MARIAS. Ein Nekrolog<\/em> sowie aus ihrem aktuellen Lyrikband <em>flug(spuren)<\/em> lesen.<\/p>\n<p style=\"text-align: justify;\"><em>MARIAS. Ein Nekrolog<\/em> erscheint im M\u00e4rz im Klagenfurter Ritter-Verlag. Ausgehend von historischem Material aus drei Jahrhunderten, das Sophie Reyer aus den Archiven eines Frauen-Dokumentationszentrums und einer Haftanstalt bezog, breitet die Autorin einen nicht enden wollenden Katalog von Kindsm\u00f6rderinnen aus. Auf verschiedenen Erz\u00e4hlwegen und aus mehreren Perspektiven \u2013 jener der betroffenen Frauen selbst, jener eines religi\u00f6s konnotierten \u00dcber-Ichs sowie jener einer urteilenden und strafenden Gesellschaft \u2013 durchmisst die Autorin Seelentopographien jenseits landl\u00e4ufiger T\u00e4ter-Opfer-Zuschreibungen. Unterbrochen wird der mehrstimmig angelegte, von Anfang bis zum Ende durchrhythmisierte Erz\u00e4hlfluss immer wieder durch lakonische Kommentare aus dem Blickwinkel eines zeitgen\u00f6ssisch-aufgekl\u00e4rten, feministischen Bewusstseins. Dieses hinterfragt kritisch die zitierten Quellen ebenso wie die tradierten Verwendungsweisen des Medea-Motivs in der hohen Literatur oder im Sensationsjournalismus. Mittels tektonischer Bezugnahmen auf die kirchenmusikalische Gattung des Requiems entwickelt Sophie Reyer f\u00fcr <em style=\"text-align: justify;\">MARIAS. Ein Nekrolog<\/em> eine au\u00dfergew\u00f6hnliche Form profanen Totengedenkens, dessen Intention nicht zuletzt darin besteht, \u203amundtot\u2039 gemachten Frauen eine Stimme zu verleihen.<\/p>\n<p style=\"text-align: justify;\">In ihrem Lyrikband\u00a0<em>flug (spuren)<\/em>, 2012 in der Edition Keipe erschienen, legt die derzeit in K\u00f6ln lebende Autorin und Komponistin Sophie Reyer br\u00fcchig-zarte und doch kraftvolle, sinnlich konkrete Miniaturen vor. Aus wenigen W\u00f6rtern entsteht hier ein atmosph\u00e4risch dichter Mikrokosmos, der g\u00e4nzlich frei von lyrischen Klischees vielerlei poetische \u00dcberraschungen birgt.<\/p>\n<p>&nbsp;<\/p>\n<p>&nbsp;<\/p>\n<p style=\"text-align: center;\">***<\/p>\n<p style=\"text-align: justify;\"><a href=\"http:\/\/www.editiondaslabor.de\/blog\/wp-content\/uploads\/2013\/10\/MariasCover1.jpg\"><img loading=\"lazy\" decoding=\"async\" class=\"alignleft wp-image-18132 size-medium\" src=\"http:\/\/www.editiondaslabor.de\/blog\/wp-content\/uploads\/2013\/10\/MariasCover1-199x300.jpg\" alt=\"\" width=\"199\" height=\"300\" srcset=\"http:\/\/www.editiondaslabor.de\/blog\/wp-content\/uploads\/2013\/10\/MariasCover1-199x300.jpg 199w, http:\/\/www.editiondaslabor.de\/blog\/wp-content\/uploads\/2013\/10\/MariasCover1.jpg 300w\" sizes=\"auto, (max-width: 199px) 100vw, 199px\" \/><\/a>Heute ab 16.30 h: Sophie Reyer, amschatzhaus Hauptstr. 18, 41472 Neuss, Eintritt: 6,00 \u20ac<\/p>\n<p style=\"text-align: justify;\"><strong>Weiterf\u00fchrend \u2192<\/strong> Vertiefend zur Lekt\u00fcre empfohlen sei auch das Kollegengespr\u00e4ch\u00a0<a href=\"http:\/\/www.editiondaslabor.de\/blog\/?p=19055\">:2= Verweisungszeichen zur Twitteratur<\/a>\u00a0von Reyer und Weigoni zum Projekt\u00a0<em>Wortspielhalle<\/em>. Eine <a href=\"http:\/\/www.editiondaslabor.de\/blog\/2014\/10\/19\/hoeherwertige-konfiguration\/\">h\u00f6herwertige Konfiguration<\/a> entdeckt Constanze Schmidt in dieser Collaboration. Holger Benkel lauscht <a href=\"http:\/\/www.editiondaslabor.de\/blog\/2014\/10\/29\/zikaden-und-haeher\/\">Zikaden und H\u00e4her<\/a>n nach. In ihrem preisgekr\u00f6nten Essay <a href=\"http:\/\/www.editiondaslabor.de\/blog\/?p=17985\"><em>Referenzuniversum<\/em><\/a> geht Sophie Reyer der Frage nach, wie das Schreiben durch das schreibende Analysieren gebrochen wird. Ein Portr\u00e4t von Sophie Reyer findet sich\u00a0<a href=\"http:\/\/www.editiondaslabor.de\/blog\/?p=18115\">hier<\/a>. Eine W\u00fcrdigung des Lebenswerks von Peter Meilchen findet sich <a href=\"http:\/\/www.editiondaslabor.de\/blog\/?p=12763\">hier<\/a>. Alle <em>LiteraturClips<\/em> dieses Projekts k\u00f6nnen <a href=\"http:\/\/www.editiondaslabor.de\/blog\/?author=124\">hier<\/a> abgerufen werden. H\u00f6ren kann man einen Auszug aus der <em>Wortspielhalle<\/em> in der Reihe <a href=\"http:\/\/vordenker.de\/weigoni\/wortspielhalle.htm\">MetaPhon<\/a>.<\/p>\n","protected":false},"excerpt":{"rendered":"<p>Die Galerie amschatzhaus freut sich die in K\u00f6ln lebende, \u00f6sterreichische Autorin Sophie Reyer zu begr\u00fc\u00dfen. Reyer, die auch als Komponistin arbeitet, wird aus ihrem Prosatext\u00a0MARIAS. Ein Nekrolog sowie aus ihrem aktuellen Lyrikband flug(spuren) lesen. MARIAS. Ein Nekrolog erscheint im M\u00e4rz&hellip;<\/p>\n<p class=\"more-link-p\"><a class=\"more-link\" href=\"http:\/\/www.editiondaslabor.de\/blog\/2013\/02\/16\/marias-2\/\">Read more &rarr;<\/a><\/p>\n","protected":false},"author":257,"featured_media":18132,"comment_status":"closed","ping_status":"open","sticky":false,"template":"","format":"standard","meta":{"footnotes":""},"categories":[1],"tags":[394],"class_list":["post-13171","post","type-post","status-publish","format-standard","has-post-thumbnail","hentry","category-literatur","tag-sophie-reyer"],"_links":{"self":[{"href":"http:\/\/www.editiondaslabor.de\/blog\/wp-json\/wp\/v2\/posts\/13171","targetHints":{"allow":["GET"]}}],"collection":[{"href":"http:\/\/www.editiondaslabor.de\/blog\/wp-json\/wp\/v2\/posts"}],"about":[{"href":"http:\/\/www.editiondaslabor.de\/blog\/wp-json\/wp\/v2\/types\/post"}],"author":[{"embeddable":true,"href":"http:\/\/www.editiondaslabor.de\/blog\/wp-json\/wp\/v2\/users\/257"}],"replies":[{"embeddable":true,"href":"http:\/\/www.editiondaslabor.de\/blog\/wp-json\/wp\/v2\/comments?post=13171"}],"version-history":[{"count":0,"href":"http:\/\/www.editiondaslabor.de\/blog\/wp-json\/wp\/v2\/posts\/13171\/revisions"}],"wp:featuredmedia":[{"embeddable":true,"href":"http:\/\/www.editiondaslabor.de\/blog\/wp-json\/"}],"wp:attachment":[{"href":"http:\/\/www.editiondaslabor.de\/blog\/wp-json\/wp\/v2\/media?parent=13171"}],"wp:term":[{"taxonomy":"category","embeddable":true,"href":"http:\/\/www.editiondaslabor.de\/blog\/wp-json\/wp\/v2\/categories?post=13171"},{"taxonomy":"post_tag","embeddable":true,"href":"http:\/\/www.editiondaslabor.de\/blog\/wp-json\/wp\/v2\/tags?post=13171"}],"curies":[{"name":"wp","href":"https:\/\/api.w.org\/{rel}","templated":true}]}}