{"id":12569,"date":"2009-03-08T00:01:37","date_gmt":"2009-03-07T23:01:37","guid":{"rendered":"http:\/\/www.editiondaslabor.de\/blog\/?p=12569"},"modified":"2021-08-02T00:50:30","modified_gmt":"2021-08-01T22:50:30","slug":"funf-frauen","status":"publish","type":"post","link":"http:\/\/www.editiondaslabor.de\/blog\/2009\/03\/08\/funf-frauen\/","title":{"rendered":"F\u00fcnf Frauen vor dem Abgrund"},"content":{"rendered":"<p><a href=\"http:\/\/www.editiondaslabor.de\/blog\/wp-content\/uploads\/2009\/03\/Fu\u0308nf-Frauen-vor-d.-Abgrund.jpeg\"><img loading=\"lazy\" decoding=\"async\" class=\"size-full wp-image-89968 aligncenter\" src=\"http:\/\/www.editiondaslabor.de\/blog\/wp-content\/uploads\/2009\/03\/Fu\u0308nf-Frauen-vor-d.-Abgrund.jpeg\" alt=\"\" width=\"905\" height=\"1280\" srcset=\"http:\/\/www.editiondaslabor.de\/blog\/wp-content\/uploads\/2009\/03\/Fu\u0308nf-Frauen-vor-d.-Abgrund.jpeg 905w, http:\/\/www.editiondaslabor.de\/blog\/wp-content\/uploads\/2009\/03\/Fu\u0308nf-Frauen-vor-d.-Abgrund-212x300.jpeg 212w, http:\/\/www.editiondaslabor.de\/blog\/wp-content\/uploads\/2009\/03\/Fu\u0308nf-Frauen-vor-d.-Abgrund-724x1024.jpeg 724w, http:\/\/www.editiondaslabor.de\/blog\/wp-content\/uploads\/2009\/03\/Fu\u0308nf-Frauen-vor-d.-Abgrund-768x1086.jpeg 768w, http:\/\/www.editiondaslabor.de\/blog\/wp-content\/uploads\/2009\/03\/Fu\u0308nf-Frauen-vor-d.-Abgrund-560x792.jpeg 560w, http:\/\/www.editiondaslabor.de\/blog\/wp-content\/uploads\/2009\/03\/Fu\u0308nf-Frauen-vor-d.-Abgrund-260x368.jpeg 260w, http:\/\/www.editiondaslabor.de\/blog\/wp-content\/uploads\/2009\/03\/Fu\u0308nf-Frauen-vor-d.-Abgrund-160x226.jpeg 160w\" sizes=\"auto, (max-width: 905px) 100vw, 905px\" \/><\/a><\/p>\n<h5 style=\"text-align: justify;\">Weiterf\u00fchrend \u2192<\/h5>\n<p style=\"text-align: justify;\">Lesen Sie auch das <a href=\"http:\/\/www.editiondaslabor.de\/blog\/?p=36409\">Kollegengespr\u00e4ch<\/a>, das A.J. Weigoni mit Angelika Janz \u00fcber den Zyklus <em>fern, fern<\/em> gef\u00fchrt hat. Vertiefend ein <a href=\"http:\/\/www.editiondaslabor.de\/blog\/?p=22835\">Portr\u00e4t <\/a>\u00fcber ihre interdisziplin\u00e4re T\u00e4tigkeit, sowie einen <a href=\"http:\/\/www.editiondaslabor.de\/blog\/?p=29450\">Essay<\/a> der <em>Fragmenttexterin.<\/em><\/p>\n<p>&nbsp;<\/p>\n","protected":false},"excerpt":{"rendered":"<p>Weiterf\u00fchrend \u2192 Lesen Sie auch das Kollegengespr\u00e4ch, das A.J. Weigoni mit Angelika Janz \u00fcber den Zyklus fern, fern gef\u00fchrt hat. Vertiefend ein Portr\u00e4t \u00fcber ihre interdisziplin\u00e4re T\u00e4tigkeit, sowie einen Essay der Fragmenttexterin. &nbsp;<\/p>\n<p class=\"more-link-p\"><a class=\"more-link\" href=\"http:\/\/www.editiondaslabor.de\/blog\/2009\/03\/08\/funf-frauen\/\">Read more &rarr;<\/a><\/p>\n","protected":false},"author":53,"featured_media":89968,"comment_status":"closed","ping_status":"open","sticky":false,"template":"","format":"standard","meta":{"footnotes":""},"categories":[1],"tags":[918],"class_list":["post-12569","post","type-post","status-publish","format-standard","has-post-thumbnail","hentry","category-literatur","tag-angelika-janz"],"_links":{"self":[{"href":"http:\/\/www.editiondaslabor.de\/blog\/wp-json\/wp\/v2\/posts\/12569","targetHints":{"allow":["GET"]}}],"collection":[{"href":"http:\/\/www.editiondaslabor.de\/blog\/wp-json\/wp\/v2\/posts"}],"about":[{"href":"http:\/\/www.editiondaslabor.de\/blog\/wp-json\/wp\/v2\/types\/post"}],"author":[{"embeddable":true,"href":"http:\/\/www.editiondaslabor.de\/blog\/wp-json\/wp\/v2\/users\/53"}],"replies":[{"embeddable":true,"href":"http:\/\/www.editiondaslabor.de\/blog\/wp-json\/wp\/v2\/comments?post=12569"}],"version-history":[{"count":0,"href":"http:\/\/www.editiondaslabor.de\/blog\/wp-json\/wp\/v2\/posts\/12569\/revisions"}],"wp:featuredmedia":[{"embeddable":true,"href":"http:\/\/www.editiondaslabor.de\/blog\/wp-json\/"}],"wp:attachment":[{"href":"http:\/\/www.editiondaslabor.de\/blog\/wp-json\/wp\/v2\/media?parent=12569"}],"wp:term":[{"taxonomy":"category","embeddable":true,"href":"http:\/\/www.editiondaslabor.de\/blog\/wp-json\/wp\/v2\/categories?post=12569"},{"taxonomy":"post_tag","embeddable":true,"href":"http:\/\/www.editiondaslabor.de\/blog\/wp-json\/wp\/v2\/tags?post=12569"}],"curies":[{"name":"wp","href":"https:\/\/api.w.org\/{rel}","templated":true}]}}