{"id":12462,"date":"2013-03-14T00:19:00","date_gmt":"2013-03-13T23:19:00","guid":{"rendered":"http:\/\/www.editiondaslabor.de\/blog\/?p=12462"},"modified":"2022-06-06T11:23:56","modified_gmt":"2022-06-06T09:23:56","slug":"paul-lindau","status":"publish","type":"post","link":"http:\/\/www.editiondaslabor.de\/blog\/2013\/03\/14\/paul-lindau\/","title":{"rendered":"Paul Lindau"},"content":{"rendered":"<p>&nbsp;<\/p>\n<p class=\"norm\" style=\"text-align: justify;\">Manchmal sitzt Paul Lindau abends im Caf\u00e9 des Westens und freut sich \u00fcber die bunten J\u00fcnglinge und zwitschernden M\u00e4dchen. Er ist nicht hochtrabend, er tut mit. Seines Herzens leuchtende Farbe ist nicht eingetrocknet. Meine Eltern hatten Paul Lindau furchtbar lieb. Er war Redakteur in der Elberfelder Stadt. Ich habe Paul Lindau eines Tages gesagt, Herr Doktor, ich bin Else Sch\u00fcler. Da meinte er, er habe meine Eltern nicht vergessen. Und wenn wir uns nun begegnen, denken wir an ein Haus am Wupperstrand, darin die Feste ein und aus tanzten. Paul Lindau hat Temperament, er kann keine Maske anlegen, sie w\u00fcrde nicht lange dauern vor seinem Herzen. Er ist ewig jung. Aber auf allen Tischen und Vorspr\u00fcngen seiner Gem\u00e4cher liegen antike Sammlungen, rissige Geschenke aus allen Erdteilen. Ich mu\u00df Paul Lindau aus meinem Leben erz\u00e4hlen; er versteht zuzuh\u00f6ren; diamantisch strahlt seine Liebensw\u00fcrdigkeit. Mutter und Gro\u00dfm\u00fctter, Vater und Urv\u00e4ter h\u00e4ngen eingerahmt in goldenen Rahmen \u00fcber seinem Schreibtisch; er selbst als Knabe blau\u00e4ugig und rosengelockt. Nicht viel \u00e4lter war ich, als ich seinen wundervollen Barmer-Roman las, von seinem alten Pfarroheim und den beiden s\u00fc\u00dfen Kusinen. No leckern \u00c4ppeln rukt sinne Liebesgeschechte on dat ganze Hus von sing heelegen Onkel bis bowen op die Rompelkammer, wo die \u00c4ppels em Wenter leegen. Ich erinnere ihn an die Sitte. Paul Lindau wei\u00df alles noch ganz genau. Diabolisch sind die schwarzen T\u00e4ler der Schornsteine \u2013 denkt seine ernste Stirne, aber die Sonne spielt dazu ganz bunt auf seinen schlanken H\u00e4nden.<\/p>\n<p>&nbsp;<\/p>\n<p>&nbsp;<\/p>\n<p style=\"text-align: center;\">***<\/p>\n<p class=\"uber01\" style=\"text-align: justify;\"><strong>Essays<\/strong>\u00a0von Else Lasker-Sch\u00fcler.\u00a0Mit einer Einbandzeichnung\u00a0der Verfasserin.\u00a0Verlegt bei Paul Cassirer in Berlin\u00a01920<\/p>\n<p style=\"text-align: justify;\"><a href=\"http:\/\/www.editiondaslabor.de\/blog\/wp-content\/uploads\/2026\/01\/Elses_Essays.jpg\"><img loading=\"lazy\" decoding=\"async\" class=\"size-medium wp-image-76746 alignleft\" src=\"http:\/\/www.editiondaslabor.de\/blog\/wp-content\/uploads\/2026\/01\/Elses_Essays-214x300.jpg\" alt=\"\" width=\"214\" height=\"300\" srcset=\"http:\/\/www.editiondaslabor.de\/blog\/wp-content\/uploads\/2026\/01\/Elses_Essays-214x300.jpg 214w, http:\/\/www.editiondaslabor.de\/blog\/wp-content\/uploads\/2026\/01\/Elses_Essays-260x364.jpg 260w, http:\/\/www.editiondaslabor.de\/blog\/wp-content\/uploads\/2026\/01\/Elses_Essays-160x224.jpg 160w, http:\/\/www.editiondaslabor.de\/blog\/wp-content\/uploads\/2026\/01\/Elses_Essays.jpg 400w\" sizes=\"auto, (max-width: 214px) 100vw, 214px\" \/><\/a><\/p>\n<p style=\"text-align: justify;\"><strong>W<\/strong><strong>eiterf\u00fchrend \u2192<\/strong> Lesen Sie auch KUNOs <a href=\"http:\/\/www.editiondaslabor.de\/blog\/2013\/12\/10\/zur-gattung-essay\/\">Hommage<\/a> an die Gattung des Essays.<\/p>\n<p>&nbsp;<\/p>\n<p>&nbsp;<\/p>\n","protected":false},"excerpt":{"rendered":"<p>&nbsp; Manchmal sitzt Paul Lindau abends im Caf\u00e9 des Westens und freut sich \u00fcber die bunten J\u00fcnglinge und zwitschernden M\u00e4dchen. Er ist nicht hochtrabend, er tut mit. Seines Herzens leuchtende Farbe ist nicht eingetrocknet. Meine Eltern hatten Paul Lindau furchtbar&hellip;<\/p>\n<p class=\"more-link-p\"><a class=\"more-link\" href=\"http:\/\/www.editiondaslabor.de\/blog\/2013\/03\/14\/paul-lindau\/\">Read more &rarr;<\/a><\/p>\n","protected":false},"author":180,"featured_media":100418,"comment_status":"closed","ping_status":"open","sticky":false,"template":"","format":"standard","meta":{"footnotes":""},"categories":[1],"tags":[2738,3727],"class_list":["post-12462","post","type-post","status-publish","format-standard","has-post-thumbnail","hentry","category-literatur","tag-else-lasker-schueler","tag-paul-lindau"],"_links":{"self":[{"href":"http:\/\/www.editiondaslabor.de\/blog\/wp-json\/wp\/v2\/posts\/12462","targetHints":{"allow":["GET"]}}],"collection":[{"href":"http:\/\/www.editiondaslabor.de\/blog\/wp-json\/wp\/v2\/posts"}],"about":[{"href":"http:\/\/www.editiondaslabor.de\/blog\/wp-json\/wp\/v2\/types\/post"}],"author":[{"embeddable":true,"href":"http:\/\/www.editiondaslabor.de\/blog\/wp-json\/wp\/v2\/users\/180"}],"replies":[{"embeddable":true,"href":"http:\/\/www.editiondaslabor.de\/blog\/wp-json\/wp\/v2\/comments?post=12462"}],"version-history":[{"count":2,"href":"http:\/\/www.editiondaslabor.de\/blog\/wp-json\/wp\/v2\/posts\/12462\/revisions"}],"predecessor-version":[{"id":103502,"href":"http:\/\/www.editiondaslabor.de\/blog\/wp-json\/wp\/v2\/posts\/12462\/revisions\/103502"}],"wp:featuredmedia":[{"embeddable":true,"href":"http:\/\/www.editiondaslabor.de\/blog\/wp-json\/wp\/v2\/media\/100418"}],"wp:attachment":[{"href":"http:\/\/www.editiondaslabor.de\/blog\/wp-json\/wp\/v2\/media?parent=12462"}],"wp:term":[{"taxonomy":"category","embeddable":true,"href":"http:\/\/www.editiondaslabor.de\/blog\/wp-json\/wp\/v2\/categories?post=12462"},{"taxonomy":"post_tag","embeddable":true,"href":"http:\/\/www.editiondaslabor.de\/blog\/wp-json\/wp\/v2\/tags?post=12462"}],"curies":[{"name":"wp","href":"https:\/\/api.w.org\/{rel}","templated":true}]}}