{"id":12445,"date":"2013-02-09T00:18:26","date_gmt":"2013-02-08T23:18:26","guid":{"rendered":"http:\/\/www.editiondaslabor.de\/blog\/?p=12445"},"modified":"2022-06-13T06:04:49","modified_gmt":"2022-06-13T04:04:49","slug":"die-geschichte-eines-eigenbrodlerischen-fischers","status":"publish","type":"post","link":"http:\/\/www.editiondaslabor.de\/blog\/2013\/02\/09\/die-geschichte-eines-eigenbrodlerischen-fischers\/","title":{"rendered":"Die Geschichte eines eigenbr\u00f6dlerischen Fischers"},"content":{"rendered":"<p style=\"text-align: justify;\"><em>Peter Grimes<\/em>\u00a0von Benjamin Britten ist ein d\u00fcster-deprimierendes und wetterwendisches Gebilde &#8211; sowohl vom St\u00fcck als auch von der Musik her. Seine Gro\u00dfartigkeit liegt in der gekonnten (und von seinen Sch\u00f6pfern [das Libretto stammt von Montagu Slater nach dem Poem\u00a0<em>The Borough<\/em>\u00a0von George Crabbe] so gegl\u00fcckten) Verbindung Mensch-Natur am Beispiel eines Einzelg\u00e4ngers, Au\u00dfenseiters der Gesellschaft; Britten &#8211; eingestandner Ma\u00dfen schwul &#8211; sollte ein Liedlein hiervon singen k\u00f6nnen, obgleich er und sein &#8222;Problem&#8220; nicht ann\u00e4hernd mit dem seines emotional vereinsamten und fehlgehenden (Opern-Anti-)Helden zu vergleichen w\u00e4re&#8230;<\/p>\n<p style=\"text-align: justify;\">Es ist die Geschichte eines eigenbr\u00f6dlerischen Fischers, der den Tod von zwei ihm bei der Arbeit helfenden sowie aus einem Armenhaus stammenden Waisenjungen (angeblich) verschuldete &#8211; die ganze Wahrheit \u00fcber jene Vorf\u00e4lle kommt bis zum Ende der Geschichte nie heraus. Fakt bleibt jedoch, dass die &#8222;Gemeinschaft&#8220; (= die Gemeinheit) sprich die Fischerdorfbewoner ihn schon immer irgendwie dann auf dem Kerbholz hatten, ja und warum sollte er dann ausgerechnet nicht der M\u00f6rder dieser beiden Jungen sein &#8211; &#8211; sie, die &#8222;Gemeinschaft&#8220;, mobbt den Einzelnen, der sich ihr nie und niemals unterordnen w\u00fcrde, und es kommt sogar zum Lynchaufruf; schlie\u00dflich gibt der Gejagte auf und geht ins Meer.<\/p>\n<p style=\"text-align: justify;\">Jetzt hat die\u00a0Deutsche Oper Berlin\u00a0eine wahrlich sehenswerte Produktion vom ENO London (Inszenierung:\u00a0David Alden) von vor drei, vier Jahren \u00fcbernommen; und mit\u00a0Donald Runnicles\u00a0am Pult gestaltete sich der Reprisen-Import auch noch zus\u00e4tzlich zu einem H\u00f6rereignis ersten Grades: Neben dem grandios spielenden Haus-Orchester\u00a0fuhr der\u00a0Chor\u00a0(Choreinstudierung:\u00a0William Spaulding) absolut zur H\u00f6chstform auf!!<\/p>\n<p style=\"text-align: justify;\">Christopher Ventris\u00a0(Peter Grimes) und\u00a0Michaela Kaune\u00a0(Ellen Orford) lie\u00dfen sich vom Publikum frenetisch feiern;\u00a0Markus Br\u00fcck(Ballstrode) ebenso.<\/p>\n<p>Ber\u00fchrender Abend.<\/p>\n<p>&nbsp;<\/p>\n<p style=\"text-align: center;\">***<\/p>\n<p>&nbsp;<\/p>\n<div id=\"attachment_12448\" style=\"width: 209px\" class=\"wp-caption alignleft\"><a href=\"http:\/\/www.editiondaslabor.de\/blog\/wp-content\/uploads\/2013\/02\/getbildtext.php_.jpeg\"><img loading=\"lazy\" decoding=\"async\" aria-describedby=\"caption-attachment-12448\" class=\"size-medium wp-image-12448\" title=\"getbildtext.php\" src=\"http:\/\/www.editiondaslabor.de\/blog\/wp-content\/uploads\/2013\/02\/getbildtext.php_-199x300.jpeg\" alt=\"\" width=\"199\" height=\"300\" srcset=\"http:\/\/www.editiondaslabor.de\/blog\/wp-content\/uploads\/2013\/02\/getbildtext.php_-199x300.jpeg 199w, http:\/\/www.editiondaslabor.de\/blog\/wp-content\/uploads\/2013\/02\/getbildtext.php_.jpeg 200w\" sizes=\"auto, (max-width: 199px) 100vw, 199px\" \/><\/a><p id=\"caption-attachment-12448\" class=\"wp-caption-text\">Peter Grimes in der Londoner David-Alden-Inszenierung, die heute auch an der Deutschen Oper Berlin erlebbar ist &#8211; \u00a9 English National Opera (2009) Foto: Clive Barda<\/p><\/div>\n<p>PETER GRIMES (Deutsche Oper Berlin, 25.01.2013)<br \/>\nMusikalische Leitung: Donald Runnicles<br \/>\nInszenierung: David Alden<br \/>\nB\u00fchne: Paul Steinberg<br \/>\nKost\u00fcme: Brigitte Reiffenstuel<br \/>\nLicht: Adam Silverman<br \/>\nCh\u00f6re: William Spaulding<br \/>\nChoreographie: Maxine Braham<br \/>\nDramaturgie: Angelika Maidowski<br \/>\nBesetzung:<br \/>\nPeter Grimes &#8230; Christopher Ventris<br \/>\nEllen Orford &#8230; Michaela Kaune<br \/>\nBalstrode &#8230; Markus Br\u00fcck<br \/>\nAuntie &#8230; Rebecca de Pont Davies<br \/>\nIhre Nichte &#8230; Hila Fahima<br \/>\nIhre Nichte &#8230; Kim-Lillian Strebel<br \/>\nBob Boles &#8230; Thomas Blondelle<br \/>\nSwallow &#8230; Stephen Bronk<br \/>\nPastor Horace Adams &#8230; Clemens Bieber<br \/>\nMrs. Sedley &#8230; Dana Beth Miller<br \/>\nNed Keene &#8230; Simon Pauly<br \/>\nHobson\u00a0\u00a0 \u00a0&#8230; Albert Pesendorfer<br \/>\nFischersfrau &#8230; Maja Siebenschuh<br \/>\nFischer &#8230; Heiner Bo\u00dfmeyer<br \/>\nAdvokat &#8230; Aram Youn<br \/>\nB\u00fcrger &#8230; Hong-Kyun Oh, Holger Gerberding, Bj\u00f6rn Struck, Aram Youn, Robert Neumann und Marek Picz<br \/>\nChor und Orchester der Deutschen Oper<br \/>\nBerliner Premiere war am 25. Januar 2013<br \/>\nWeitere Termine: 9., 13., 15. 2. 2013<br \/>\nEine Produktion der English National Opera (Premiere: 09.05.2009)<\/p>\n<p><span style=\"color: #888888;\">***<\/span><\/p>\n<p><span style=\"color: #888888;\">KUNO dankt dem Medienpartner <a href=\"http:\/\/www.kultura-extra.de\/\"><span style=\"color: #888888;\">Kultura-extra<\/span><\/a> f\u00fcr die Kooperation.<\/span><\/p>\n<p>&nbsp;<\/p>\n<p><strong>Weiterf\u00fchrend \u2192<\/strong><\/p>\n<p>Ein Portr\u00e4t des Dramatikers Andre Sokolowski finden Sie <a href=\"http:\/\/www.editiondaslabor.de\/blog\/2013\/01\/07\/andre-sokolowski-dramatiker\/\">hier<\/a>.<\/p>\n","protected":false},"excerpt":{"rendered":"<p>Peter Grimes\u00a0von Benjamin Britten ist ein d\u00fcster-deprimierendes und wetterwendisches Gebilde &#8211; sowohl vom St\u00fcck als auch von der Musik her. Seine Gro\u00dfartigkeit liegt in der gekonnten (und von seinen Sch\u00f6pfern [das Libretto stammt von Montagu Slater nach dem Poem\u00a0The Borough\u00a0von&hellip;<\/p>\n<p class=\"more-link-p\"><a class=\"more-link\" href=\"http:\/\/www.editiondaslabor.de\/blog\/2013\/02\/09\/die-geschichte-eines-eigenbrodlerischen-fischers\/\">Read more &rarr;<\/a><\/p>\n","protected":false},"author":57,"featured_media":103646,"comment_status":"closed","ping_status":"open","sticky":false,"template":"","format":"standard","meta":{"footnotes":""},"categories":[1],"tags":[991],"class_list":["post-12445","post","type-post","status-publish","format-standard","has-post-thumbnail","hentry","category-literatur","tag-andre-sokolowski"],"_links":{"self":[{"href":"http:\/\/www.editiondaslabor.de\/blog\/wp-json\/wp\/v2\/posts\/12445","targetHints":{"allow":["GET"]}}],"collection":[{"href":"http:\/\/www.editiondaslabor.de\/blog\/wp-json\/wp\/v2\/posts"}],"about":[{"href":"http:\/\/www.editiondaslabor.de\/blog\/wp-json\/wp\/v2\/types\/post"}],"author":[{"embeddable":true,"href":"http:\/\/www.editiondaslabor.de\/blog\/wp-json\/wp\/v2\/users\/57"}],"replies":[{"embeddable":true,"href":"http:\/\/www.editiondaslabor.de\/blog\/wp-json\/wp\/v2\/comments?post=12445"}],"version-history":[{"count":2,"href":"http:\/\/www.editiondaslabor.de\/blog\/wp-json\/wp\/v2\/posts\/12445\/revisions"}],"predecessor-version":[{"id":103678,"href":"http:\/\/www.editiondaslabor.de\/blog\/wp-json\/wp\/v2\/posts\/12445\/revisions\/103678"}],"wp:featuredmedia":[{"embeddable":true,"href":"http:\/\/www.editiondaslabor.de\/blog\/wp-json\/wp\/v2\/media\/103646"}],"wp:attachment":[{"href":"http:\/\/www.editiondaslabor.de\/blog\/wp-json\/wp\/v2\/media?parent=12445"}],"wp:term":[{"taxonomy":"category","embeddable":true,"href":"http:\/\/www.editiondaslabor.de\/blog\/wp-json\/wp\/v2\/categories?post=12445"},{"taxonomy":"post_tag","embeddable":true,"href":"http:\/\/www.editiondaslabor.de\/blog\/wp-json\/wp\/v2\/tags?post=12445"}],"curies":[{"name":"wp","href":"https:\/\/api.w.org\/{rel}","templated":true}]}}