{"id":11864,"date":"2021-06-28T00:01:00","date_gmt":"2021-06-27T22:01:00","guid":{"rendered":"http:\/\/www.editiondaslabor.de\/blog\/?p=11864"},"modified":"2022-02-19T07:08:06","modified_gmt":"2022-02-19T06:08:06","slug":"ein-friedlicher-tag-auf-dem-land-an-der-grenze","status":"publish","type":"post","link":"http:\/\/www.editiondaslabor.de\/blog\/2021\/06\/28\/ein-friedlicher-tag-auf-dem-land-an-der-grenze\/","title":{"rendered":"ein friedlicher tag auf dem land an der grenze"},"content":{"rendered":"<p style=\"text-align: right;\"><span style=\"color: #666699;\">wir lauschten<\/span><\/p>\n<p style=\"text-align: right;\"><span style=\"color: #666699;\">wir schwiegen wir fluteten mit den Wolken<\/span><\/p>\n<p style=\"text-align: right;\"><span style=\"color: #666699;\"><em>Friederike Mayr\u00f6cker<\/em><\/span><\/p>\n<p><strong>\u00a0<\/strong><\/p>\n<address>heute denk ich an dich bensch<\/address>\n<address>will dich bald schon wieder sehn<\/address>\n<address>\u00a0<\/address>\n<address>gestern die kart aus mali \u2219 ohne neger<\/address>\n<address>der tisch : notizen \u2219 fetzen \u2219 \u00fcbersetzen<\/address>\n<address>\u00a0<\/address>\n<address>dante und gilgamesch \u2219 kunst ist sch\u00f6n<\/address>\n<address>macht aber sehr viel arbeit \u2219 und ein pr\u00e4sent<\/address>\n<address>\u00a0<\/address>\n<address>die siebenf\u00e4ltige matrjoschka schaut dickh\u00e4utig<\/address>\n<address>dem tuen zu \u2219 heut die knallige kart aus bali<\/address>\n<address>\u00a0<\/address>\n<address><em>hope you\u2019re well<\/em> \u2219 morgen wird\u2019s wohl weiter schneien<\/address>\n<address>kiefern\u00e4st verneigen sich \u2219 <em>nothing coheres<\/em><\/address>\n<address>\u00a0<\/address>\n<address>hell und dunkel der pflanzen \u2013 eine nachbarin<\/address>\n<address>stirbt heut die mich im sommer immer gr\u00fc\u00dft und<\/address>\n<address>\u00a0<\/address>\n<address>meint nicht heraklit runterrauf sei eindasselbe<\/address>\n<address>tiger springen mit spinnerten stelzen tanzt der elefant<\/address>\n<address>\u00a0<\/address>\n<address>und lacht \u2219 <em>people are friendly \/ food is good<\/em> \u2013<\/address>\n<address>wir frieren \u2013 du verfluchst die sonne \u2219 warmkalt \u2219 oben<\/address>\n<address>\u00a0<\/address>\n<address>unten \u2219 himmelerd: h\u00e4ngt alles ungewi\u00df zusammen<\/address>\n<address>heut denk ich an dich bensch will dich bald schon wieder<\/address>\n<address>\u00a0<\/address>\n<address>sehn bilder be\u00e4ugeln gedichte lesen hiersein ist<\/address>\n<address>herrlich schwindelndes gef\u00fchl <em>the poem is<\/em><\/address>\n<address>\u00a0<\/address>\n<address><em>everywhere and hades and dionysus are the sam<\/em>e \u2013 \u2013 \u2013<\/address>\n<address>ist es nicht gut sich gut zu f\u00fchlen<\/address>\n<address>\u00a0<\/address>\n<address>in questa solitudine (f\u00fcnfhundertf\u00fcnfundvierzig meter hoch)<\/address>\n<address>am ersten mai zweitausendzw\u00f6lf in sistig in der eifel<\/address>\n<address>\u00a0<\/address>\n<address>\u00a0<\/address>\n<address>\u00a0<\/address>\n<p style=\"text-align: center;\">* * *<\/p>\n<p class=\"hide-if-no-js\" style=\"text-align: justify;\"><strong>Das gewonnene Alphabet,<\/strong> Gedichte von Theo Breuer. \u00b7 Glossar \u00b7 Essay, 121 Seiten, Broschur, Pop Verlag, Ludwigsburg 2012.<\/p>\n<p style=\"text-align: justify;\"><strong><img loading=\"lazy\" decoding=\"async\" class=\"alignleft size-full wp-image-21236\" src=\"http:\/\/www.editiondaslabor.de\/blog\/wp-content\/uploads\/2013\/12\/TB-Das-gewonnene-Alphabet-210x3001.jpg\" alt=\"\" width=\"210\" height=\"300\" \/>Weiterf\u00fchrend<\/strong> <strong>\u2192<\/strong> Ein Essay \u00fcber den <a href=\"http:\/\/www.editiondaslabor.de\/blog\/2013\/12\/26\/lauschender-leser-und-redender-schreiber-2\/\">Lyrikvermittler<\/a> Theo Breuer.<\/p>\n<p style=\"text-align: justify;\"><strong>\u2192<\/strong> Poesie z\u00e4hlt f\u00fcr KUNO zu den identit\u00e4ts- und identifikationstiftenden Elementen einer Kultur, dies bezeugt der Versuch einer <a href=\"http:\/\/www.editiondaslabor.de\/blog\/?p=25630\">poetologischen Positionsbestimmung<\/a>. Um den Widerstand gegen die gepolsterte Gegenwartslyrik ein wenig anzufachen schickte <span data-offset-key=\"d96ve-1-0\">Wolfgang Schlott<\/span><span data-offset-key=\"d96ve-2-0\"> dieses\u00a0 post-dadaistische <a href=\"http:\/\/www.editiondaslabor.de\/blog\/2016\/02\/03\/handwerkliche-anleitungen-zur-ueberwindung-von-schreibblockaden\/\">Manifest<\/a>. Warum<\/span> Lyrik wieder in die Zeitungen geh\u00f6rt <a href=\"http:\/\/www.editiondaslabor.de\/blog\/2017\/10\/07\/der-dichtung-eine-bresche-schlagen\/\">begr\u00fcndete<\/a> Walther Stonet, diese Forderung hat nichts an Aktualit\u00e4t verloren. Lesen Sie auch Maximilian Zanders <a href=\"http:\/\/www.editiondaslabor.de\/blog\/?p=5418\">Essay <\/a>\u00fcber Lyrik und ein R\u00fcckblick auf den <a href=\"http:\/\/www.editiondaslabor.de\/blog\/2014\/01\/08\/lyrik-katalog-bundesrepublik\/\"><em>Lyrik-Katalog Bundesrepublik<\/em><\/a>. KUNO sch\u00e4tzt den minuti\u00f6sen Selbstinszenierungsprozess des lyrischen Dichter-Ichs von Ulrich Bergmann in der Reihe <a href=\"http:\/\/www.editiondaslabor.de\/blog\/?p=27947\">Keine Bojen auf hoher See, nur Sterne \u2026 und Schwerkraft. Gedanken \u00fcber das lyrische Schreiben<\/a>. Lesen Sie ein <a href=\"http:\/\/www.editiondaslabor.de\/blog\/?p=22835\">Portr\u00e4t <\/a>\u00fcber die interdisziplin\u00e4re T\u00e4tigkeit von Angelika Janz, sowie einen <a href=\"http:\/\/www.editiondaslabor.de\/blog\/?p=29450\">Essay<\/a> der <em>Fragmenttexterin.<\/em> Ein Portr\u00e4t von Sophie Reyer findet sich\u00a0<a href=\"http:\/\/www.editiondaslabor.de\/blog\/2013\/10\/08\/von-sappho-zu-sophie\/\">hier<\/a>, ein Essay fasst das transmediale Projekt<em> &#8222;<a href=\"http:\/\/www.editiondaslabor.de\/blog\/2021\/04\/14\/bi-textualitaet\/\">Wortspielhalle<\/a>&#8220; <\/em>zusammen<em>. <\/em>Auf KUNO lesen Sie u.a. Rezensionsessays von <a href=\"http:\/\/www.editiondaslabor.de\/blog\/2015\/06\/17\/beschwoerungszauber\/\">Holger Benkel<\/a> \u00fcber <a href=\"http:\/\/www.editiondaslabor.de\/blog\/?p=15175\">Andr\u00e9 Schinkel<\/a>, <a href=\"http:\/\/www.editiondaslabor.de\/blog\/2017\/11\/12\/mit-deutschen-untertiteln\/\">Ralph Pordzik<\/a>,\u00a0<a href=\"http:\/\/www.editiondaslabor.de\/blog\/2018\/12\/20\/wohnraeume-der-poesie\/\">Friederike Mayr\u00f6cker<\/a>, <a href=\"http:\/\/www.editiondaslabor.de\/blog\/2017\/03\/19\/welten-gegenwelten\/\">Werner Weimar-Mazur<\/a>, <a href=\"http:\/\/www.editiondaslabor.de\/blog\/2019\/06\/26\/wohnraeume-der-poesie-2\/\">Peter Engstler<\/a>, <a href=\"http:\/\/www.editiondaslabor.de\/blog\/?p=15177\">Birgitt Lieberwirth<\/a>, <a href=\"http:\/\/www.editiondaslabor.de\/blog\/2019\/08\/17\/der-grill-auf-der-hauswiese-der-welt\/\">Linda Vilhj\u00e1lmsd\u00f3ttir<\/a>, und <a href=\"http:\/\/www.editiondaslabor.de\/blog\/2017\/09\/17\/rettungsversuche-der-literatur-im-digitalen-raum\/\">A.J. Weigoni<\/a>. Lesenswert auch die <a href=\"http:\/\/www.editiondaslabor.de\/blog\/2020\/05\/16\/verseschmied-und-lyrikfischer\/\">Gratulation<\/a> von Axel Kutsch durch Markus Peters zum 75. Geburtstag. Nicht zu vergessen eine Empfehlung der kristallklaren Lyrik von <a href=\"http:\/\/www.editiondaslabor.de\/blog\/2020\/01\/19\/die-lyrikerin-ines-hagemeyer\/\">Ines Hagemeyer<\/a>. Diese Betrachtungen versammeln sich in der Tradition von <a href=\"http:\/\/www.editiondaslabor.de\/blog\/2000\/04\/04\/vauo\/\">V.O. Stomps<\/a>, dem Klassiker des Andersseins, dem <a href=\"http:\/\/www.editiondaslabor.de\/blog\/2005\/09\/24\/erinnerungen\/\">Bottroper Literaturrocker<\/a> &#8222;Biby&#8220; Wintjes und Hadayatullah H\u00fcbsch, dem Urvater des <a href=\"http:\/\/www.editiondaslabor.de\/blog\/1995\/06\/30\/wie-was-social-beat-ist-und-warum-und-warum-nicht\/\"><em>Social-Beat<\/em><\/a>, im KUNO-Online-Archiv. Wir empfehlen f\u00fcr Neulinge als Einstieg in das weite Feld der nonkonformistischen Literatur <a href=\"http:\/\/www.editiondaslabor.de\/blog\/2001\/04\/01\/nonkonformistische-literatur\/\">diesem Hinweis<\/a> zu folgen.<\/p>\n","protected":false},"excerpt":{"rendered":"<p>wir lauschten wir schwiegen wir fluteten mit den Wolken Friederike Mayr\u00f6cker \u00a0 heute denk ich an dich bensch will dich bald schon wieder sehn \u00a0 gestern die kart aus mali \u2219 ohne neger der tisch : notizen \u2219 fetzen \u2219&hellip;<\/p>\n<p class=\"more-link-p\"><a class=\"more-link\" href=\"http:\/\/www.editiondaslabor.de\/blog\/2021\/06\/28\/ein-friedlicher-tag-auf-dem-land-an-der-grenze\/\">Read more &rarr;<\/a><\/p>\n","protected":false},"author":9,"featured_media":97870,"comment_status":"closed","ping_status":"open","sticky":false,"template":"","format":"standard","meta":{"footnotes":""},"categories":[1],"tags":[84],"class_list":["post-11864","post","type-post","status-publish","format-standard","has-post-thumbnail","hentry","category-literatur","tag-theo-breuer"],"_links":{"self":[{"href":"http:\/\/www.editiondaslabor.de\/blog\/wp-json\/wp\/v2\/posts\/11864","targetHints":{"allow":["GET"]}}],"collection":[{"href":"http:\/\/www.editiondaslabor.de\/blog\/wp-json\/wp\/v2\/posts"}],"about":[{"href":"http:\/\/www.editiondaslabor.de\/blog\/wp-json\/wp\/v2\/types\/post"}],"author":[{"embeddable":true,"href":"http:\/\/www.editiondaslabor.de\/blog\/wp-json\/wp\/v2\/users\/9"}],"replies":[{"embeddable":true,"href":"http:\/\/www.editiondaslabor.de\/blog\/wp-json\/wp\/v2\/comments?post=11864"}],"version-history":[{"count":1,"href":"http:\/\/www.editiondaslabor.de\/blog\/wp-json\/wp\/v2\/posts\/11864\/revisions"}],"predecessor-version":[{"id":98469,"href":"http:\/\/www.editiondaslabor.de\/blog\/wp-json\/wp\/v2\/posts\/11864\/revisions\/98469"}],"wp:featuredmedia":[{"embeddable":true,"href":"http:\/\/www.editiondaslabor.de\/blog\/wp-json\/wp\/v2\/media\/97870"}],"wp:attachment":[{"href":"http:\/\/www.editiondaslabor.de\/blog\/wp-json\/wp\/v2\/media?parent=11864"}],"wp:term":[{"taxonomy":"category","embeddable":true,"href":"http:\/\/www.editiondaslabor.de\/blog\/wp-json\/wp\/v2\/categories?post=11864"},{"taxonomy":"post_tag","embeddable":true,"href":"http:\/\/www.editiondaslabor.de\/blog\/wp-json\/wp\/v2\/tags?post=11864"}],"curies":[{"name":"wp","href":"https:\/\/api.w.org\/{rel}","templated":true}]}}