{"id":1183,"date":"2012-02-06T16:47:22","date_gmt":"2012-02-06T16:47:22","guid":{"rendered":"http:\/\/www.editiondaslabor.de\/blog\/?p=1183"},"modified":"2012-02-08T05:30:57","modified_gmt":"2012-02-08T05:30:57","slug":"1001-utopie","status":"publish","type":"post","link":"http:\/\/www.editiondaslabor.de\/blog\/2012\/02\/06\/1001-utopie\/","title":{"rendered":"1001 Utopie"},"content":{"rendered":"<p style=\"text-align: justify\"><a href=\"http:\/\/www.editiondaslabor.de\/blog\/wp-content\/uploads\/2012\/02\/1001-Lavender-Cosmos5.jpg\"><img loading=\"lazy\" decoding=\"async\" class=\"aligncenter size-full wp-image-1184\" src=\"http:\/\/www.editiondaslabor.de\/blog\/wp-content\/uploads\/2012\/02\/1001-Lavender-Cosmos5.jpg\" alt=\"\" width=\"520\" height=\"293\" srcset=\"http:\/\/www.editiondaslabor.de\/blog\/wp-content\/uploads\/2012\/02\/1001-Lavender-Cosmos5.jpg 520w, http:\/\/www.editiondaslabor.de\/blog\/wp-content\/uploads\/2012\/02\/1001-Lavender-Cosmos5-300x169.jpg 300w\" sizes=\"auto, (max-width: 520px) 100vw, 520px\" \/><\/a><\/p>\n<address><em>\u201e\u2026macht Rhizom, nicht Wurzeln, pflanzt nichts an! <\/em><\/address>\n<address><em>S\u00e4t nicht, stecht! <\/em><\/address>\n<address><em>Seid nicht eins oder viele, seid Vielheiten! <\/em><\/address>\n<address><em>Macht nie Punkte, sondern Linien! <\/em><\/address>\n<address><em>Geschwindigkeit verwandelt den Punkt in eine Linie!&#8230;\u201c\u00a0<\/em>\u00a0<\/address>\n<address>\u00a0<\/address>\n<address><em>Gilles Deleuze \/ F\u00e9lix Guattari: \u201eRhizom\u201c, \u00a0Merve Verlag Berlin 1976<\/em><\/address>\n<p><a href=\"http:\/\/www.editiondaslabor.de\/blog\/wp-content\/uploads\/2012\/02\/1001-Lavender-Cosmos31.jpg\"><img loading=\"lazy\" decoding=\"async\" class=\"aligncenter size-full wp-image-1196\" src=\"http:\/\/www.editiondaslabor.de\/blog\/wp-content\/uploads\/2012\/02\/1001-Lavender-Cosmos31.jpg\" alt=\"\" width=\"520\" height=\"293\" srcset=\"http:\/\/www.editiondaslabor.de\/blog\/wp-content\/uploads\/2012\/02\/1001-Lavender-Cosmos31.jpg 520w, http:\/\/www.editiondaslabor.de\/blog\/wp-content\/uploads\/2012\/02\/1001-Lavender-Cosmos31-300x169.jpg 300w\" sizes=\"auto, (max-width: 520px) 100vw, 520px\" \/><\/a><\/p>\n<p><a href=\"http:\/\/www.editiondaslabor.de\/blog\/wp-content\/uploads\/2012\/02\/1001-Lavender-Cosmos.jpg\"><img loading=\"lazy\" decoding=\"async\" class=\"aligncenter size-full wp-image-1185\" src=\"http:\/\/www.editiondaslabor.de\/blog\/wp-content\/uploads\/2012\/02\/1001-Lavender-Cosmos.jpg\" alt=\"\" width=\"520\" height=\"293\" srcset=\"http:\/\/www.editiondaslabor.de\/blog\/wp-content\/uploads\/2012\/02\/1001-Lavender-Cosmos.jpg 520w, http:\/\/www.editiondaslabor.de\/blog\/wp-content\/uploads\/2012\/02\/1001-Lavender-Cosmos-300x169.jpg 300w\" sizes=\"auto, (max-width: 520px) 100vw, 520px\" \/><\/a><\/p>\n<p style=\"text-align: justify\">In Eisenstadt, knapp an der ungarischen Grenze, vormals r\u00f6mische Provinz Pannonien, heute burgenl\u00e4ndische Landeshauptstadt auf \u00f6sterreichischem Staatsgebiet, inmitten der Europ\u00e4ischen Union gelegen, stellt seit dem Fr\u00fchjahr letzten Jahres das Europahaus Burgenland eine Brachfl\u00e4che von \u00fcber 20.000 qm zur allgemeinen Bestellung eines so genannten <em>\u201eKosmopolitischen Garten\u201c<\/em> zur Verf\u00fcgung.<\/p>\n<p><a href=\"http:\/\/www.editiondaslabor.de\/blog\/wp-content\/uploads\/2012\/02\/rhizom10-jpg.jpg\"><img loading=\"lazy\" decoding=\"async\" class=\"aligncenter size-full wp-image-1186\" src=\"http:\/\/www.editiondaslabor.de\/blog\/wp-content\/uploads\/2012\/02\/rhizom10-jpg.jpg\" alt=\"\" width=\"520\" height=\"293\" srcset=\"http:\/\/www.editiondaslabor.de\/blog\/wp-content\/uploads\/2012\/02\/rhizom10-jpg.jpg 520w, http:\/\/www.editiondaslabor.de\/blog\/wp-content\/uploads\/2012\/02\/rhizom10-jpg-300x169.jpg 300w\" sizes=\"auto, (max-width: 520px) 100vw, 520px\" \/><\/a><\/p>\n<p style=\"text-align: justify\">Der K\u00fcnstler <a href=\"http:\/\/www.andreasroseneder.com\/tlight\/index.php\/start.html\" target=\"_blank\">Andreas Roseneder<\/a> erkundet zur selben Zeit die Einsetzbarkeit von polymeren Kunststoffen in seiner Arbeit und hat so genannte <a href=\"http:\/\/www.andreasroseneder.com\/tlight\/index.php\/patch.html\" target=\"_blank\"><em>patches<\/em> <\/a>aus Polyethylen \u2013 Endprodukten der Industrie entwickelt. Da der Kosmopolitische Garten direkt an eine Industrieanlage zur Weiterverarbeitung dieser Kunststoffe anschlie\u00dft, erscheint f\u00fcr ihn und <a href=\"http:\/\/artstage.wordpress.com\/\" target=\"_blank\">Artstage<\/a> augenblicklich das Projektsujet: <em>\u201ePlastik\u201c \u2013<\/em> Synonym einerseits umgangssprachlich f\u00fcr die Produkte aus industrieller Kunststoffherstellung wie auch andrerseits in traditionell formal\u00e4sthetischem Begriffdenken f\u00fcr ein Kunstgebilde. Andrerseits weiter getragen \u00fcber die Beuys\u00b4sche anthropologisch-soziale Idee wie der szenischen Inszenierung der Land Art &#8211; und nicht zuletzt \u00fcber das aktuelle Urban Gardening und Farming auf brachliegenden seit Jahren unbearbeiteten st\u00e4dtischem <em>\u201eGrund und Boden\u201c.<\/em><\/p>\n<p><a href=\"http:\/\/www.editiondaslabor.de\/blog\/wp-content\/uploads\/2012\/02\/Manfred-Plohovits.jpg\"><img loading=\"lazy\" decoding=\"async\" class=\"aligncenter size-full wp-image-1187\" src=\"http:\/\/www.editiondaslabor.de\/blog\/wp-content\/uploads\/2012\/02\/Manfred-Plohovits.jpg\" alt=\"\" width=\"520\" height=\"293\" srcset=\"http:\/\/www.editiondaslabor.de\/blog\/wp-content\/uploads\/2012\/02\/Manfred-Plohovits.jpg 520w, http:\/\/www.editiondaslabor.de\/blog\/wp-content\/uploads\/2012\/02\/Manfred-Plohovits-300x169.jpg 300w\" sizes=\"auto, (max-width: 520px) 100vw, 520px\" \/><\/a><\/p>\n<p style=\"text-align: justify\">Kunst und Natur in einem Wechselspiel, zu dem nur die spontane Initiation mit der Pr\u00e4misse \u201eVer\u00e4nderung\u201c gegeben sein soll: Wie verh\u00e4lt sich diese <em>\u201esymbiotische Plastik\u201c <\/em>\u00fcber die Jahre, gestaltet durch die Jahreszeiten mit Wetter, Wuchs und Verwitterung?<\/p>\n<p><a href=\"http:\/\/www.editiondaslabor.de\/blog\/wp-content\/uploads\/2012\/02\/1001-Lavender-Cosmos4.jpg\"><img loading=\"lazy\" decoding=\"async\" class=\"aligncenter size-full wp-image-1189\" src=\"http:\/\/www.editiondaslabor.de\/blog\/wp-content\/uploads\/2012\/02\/1001-Lavender-Cosmos4.jpg\" alt=\"\" width=\"520\" height=\"293\" srcset=\"http:\/\/www.editiondaslabor.de\/blog\/wp-content\/uploads\/2012\/02\/1001-Lavender-Cosmos4.jpg 520w, http:\/\/www.editiondaslabor.de\/blog\/wp-content\/uploads\/2012\/02\/1001-Lavender-Cosmos4-300x169.jpg 300w\" sizes=\"auto, (max-width: 520px) 100vw, 520px\" \/><\/a><\/p>\n<p align=\"center\"><em>***<\/em><\/p>\n<p align=\"center\"><em>1001 LAVENDER COSMOS<\/em><\/p>\n<p style=\"text-align: justify\"><em>als politiker wuerd\u00b4 ich sagen, damit sei ein schulterschluss zwischen kunst, kultur &amp; wirtschaft wie industrie gelungen.<\/em><\/p>\n<p style=\"text-align: justify\"><em>als wissenschaftler wuerd\u00b4 ich auf die ambivalenten beziehungen zwischen oekonomie &amp; oekologie hinweisen.<\/em><\/p>\n<p style=\"text-align: justify\"><em>als kuenstler betonte ich wohl die aesthetischen synergien von kuenstlerischen wie auch kulturellen, industriellen &amp; landwirtschaftlichen zeichensetzungen des menschen.<\/em><\/p>\n<p style=\"text-align: justify\"><em>als maler sehe ich die vier industriellen stahltuerme im hintergrund als farbtuben, aus welchen die polyethylen-patches wie violette farbpatzen auf die landschaftpalette gequetscht &amp; unterschiedlich mit wei\u00df abgetoent wurden, um die farbe des lavendels zu treffen, der darunter gepflanzt wurde.<\/em><\/p>\n<p style=\"text-align: justify\"><em>als gaertner &amp; landschaftsarchitekt sehe ich mich bemueht, die farbpalette der kunststoffobjekte zu betonen, indem ich die weissen &amp; violetten lavendelpflanzen dem kunstprodukt entgegensetze, soll heissen die violetten pflanzen unter die weissen objekte &amp; die weissen pflanzen unter die violetten so in gleichmaessigem verlauf setze, dass nach zwei jahren die pflanzenreihen in der bluete aus einiger entfernung wie abgetoente pinselstriche des farbsuchenden malers erscheinen moegen.<\/em><\/p>\n<p style=\"text-align: justify\"><em>als bauer erlebe ich ueber meine haende die pannonische erde, begreife, harke, kruemle &amp; waessere sie, weiss bald ueber das terroir bescheid, das sich oft nach ein paar metern schon aendern kann &amp; damit die pflanzen unterschiedlich gedeihen laesst, befreie die zarten lavendelkinder von wuchernder ackerwinde &amp; querspriessender kratzdistel, lerne so jede einzelne pflanze kennen.<\/em><\/p>\n<p style=\"text-align: justify\"><em>als poet sehe ich in dem wundersam wachsenden projekt eine hommage an die impressionistische en plein air malerei des neunzehnten jahrhunderts in der franzoesischen\u00a0 Provence &amp; erwarte jeden moment das erscheinen der maler Vincent Van Gogh &amp; Paul Gauguin, um auf dem feld in vorauseilender expressionistischer manier einen kuenstlerischen streit vom zaune zu brechen, der ins zwanzigste jahrhundert fuehrt.<\/em><\/p>\n<p style=\"text-align: justify\"><em>als zeitgenosse zu beginn des ein&amp;zwanzigsten jahrhunderts habe ich vor ein paar monaten den initiatoren des Kosmopolitischen Gartens im Europahaus Burgenland ganz einfach hingesagt:<\/em><\/p>\n<p style=\"text-align: left\"><em>\u201eich werfe die schatten der vier tuerme dort hinten hin!<\/em><\/p>\n<p style=\"text-align: left\"><em>Andreas Roseneder im Juni 2011<\/em><\/p>\n<p align=\"center\"><em>***<\/em><\/p>\n<p align=\"center\"><a href=\"http:\/\/www.editiondaslabor.de\/blog\/wp-content\/uploads\/2012\/02\/1001-Lavender-Cosmos21.jpg\"><img loading=\"lazy\" decoding=\"async\" class=\"aligncenter size-full wp-image-1192\" src=\"http:\/\/www.editiondaslabor.de\/blog\/wp-content\/uploads\/2012\/02\/1001-Lavender-Cosmos21.jpg\" alt=\"\" width=\"520\" height=\"300\" srcset=\"http:\/\/www.editiondaslabor.de\/blog\/wp-content\/uploads\/2012\/02\/1001-Lavender-Cosmos21.jpg 520w, http:\/\/www.editiondaslabor.de\/blog\/wp-content\/uploads\/2012\/02\/1001-Lavender-Cosmos21-300x173.jpg 300w\" sizes=\"auto, (max-width: 520px) 100vw, 520px\" \/><\/a><\/p>\n<p align=\"center\"><a href=\"http:\/\/www.editiondaslabor.de\/blog\/wp-content\/uploads\/2012\/02\/1001-Lavender-Cosmos6.jpg\"><img loading=\"lazy\" decoding=\"async\" class=\"aligncenter  wp-image-1191\" src=\"http:\/\/www.editiondaslabor.de\/blog\/wp-content\/uploads\/2012\/02\/1001-Lavender-Cosmos6.jpg\" alt=\"\" width=\"521\" height=\"293\" srcset=\"http:\/\/www.editiondaslabor.de\/blog\/wp-content\/uploads\/2012\/02\/1001-Lavender-Cosmos6.jpg 700w, http:\/\/www.editiondaslabor.de\/blog\/wp-content\/uploads\/2012\/02\/1001-Lavender-Cosmos6-300x168.jpg 300w\" sizes=\"auto, (max-width: 521px) 100vw, 521px\" \/><\/a><\/p>\n<p style=\"text-align: center\" align=\"center\"><a href=\"http:\/\/www.editiondaslabor.de\/blog\/wp-content\/uploads\/2012\/02\/1001-Lavender-Cosmos.1.jpg\"><img loading=\"lazy\" decoding=\"async\" class=\"aligncenter  wp-image-1251\" src=\"http:\/\/www.editiondaslabor.de\/blog\/wp-content\/uploads\/2012\/02\/1001-Lavender-Cosmos.1.jpg\" alt=\"\" width=\"524\" height=\"332\" srcset=\"http:\/\/www.editiondaslabor.de\/blog\/wp-content\/uploads\/2012\/02\/1001-Lavender-Cosmos.1.jpg 1000w, http:\/\/www.editiondaslabor.de\/blog\/wp-content\/uploads\/2012\/02\/1001-Lavender-Cosmos.1-300x189.jpg 300w\" sizes=\"auto, (max-width: 524px) 100vw, 524px\" \/><\/a><\/p>\n<p align=\"center\">links:<\/p>\n<p style=\"text-align: center\">\u00a0Hans G\u00f6ttl \/\u00a0<a href=\"http:\/\/www.europahausburgenland.net\/bibliothek\/zeitung\/Forum19_Kosmopolitische_Garten_Eisenstadt.pdf\" target=\"_blank\"> Eine Einladung zur Weltb\u00fcrgerschaft<\/a><\/p>\n<p style=\"text-align: center\"><a href=\"http:\/\/www.europahaus.eu\/\" target=\"_blank\">Europahaus Burgenland<\/a><\/p>\n<p style=\"text-align: center\">Artstage Pannonian \/ <a href=\"https:\/\/plus.google.com\/photos\/113108833102412390566\/albums\/5594589713874075985?banner=pwa\" target=\"_blank\">1001 LAVENDER COSMOS &#8211; Fotos<\/a><\/p>\n<p style=\"text-align: center\">Ren\u00e9 Desor \/<a href=\"http:\/\/www.europahaus.eu\/garten\/aktuelles\/dateien\/Aktuelles_Garten_lavendercosmos.pdf\" target=\"_blank\">1001 LAVENDER COSMOS<\/a><\/p>\n<p style=\"text-align: center\">Ren\u00e9 Desor \/ poesis &amp; crisis \/ <a href=\"http:\/\/renedesor.wordpress.com\/?s=1001+lavender+cosmos\" target=\"_blank\">1001 LAVENDER COSMOS \u2013 ein Blogscroll<\/a><\/p>\n<p style=\"text-align: center\">Hildegard Kurt \/ Seminarleitung Juni 2012:<a href=\"http:\/\/www.europahaus.eu\/termine\/Detail_18_21_06_12_von_ganz_unten.pdf\" target=\"_blank\">\u00a0 Von ganz unten<\/a><\/p>\n<p style=\"text-align: center\"><a href=\"http:\/\/www.und-institut.de\/cms\/front_content.php?idcat=2\" target=\"_blank\">und.Institut f\u00fcr Kunst, Kultur und Zukunftsf\u00e4higkeit e.V., Berlin<\/a><\/p>\n<p style=\"text-align: center\"><a href=\"http:\/\/www.editiondaslabor.de\/blog\/wp-content\/uploads\/2012\/02\/kosmopolitischer-garten.jpg\"><img loading=\"lazy\" decoding=\"async\" class=\"aligncenter  wp-image-1195\" src=\"http:\/\/www.editiondaslabor.de\/blog\/wp-content\/uploads\/2012\/02\/kosmopolitischer-garten.jpg\" alt=\"\" width=\"520\" height=\"346\" srcset=\"http:\/\/www.editiondaslabor.de\/blog\/wp-content\/uploads\/2012\/02\/kosmopolitischer-garten.jpg 1000w, http:\/\/www.editiondaslabor.de\/blog\/wp-content\/uploads\/2012\/02\/kosmopolitischer-garten-300x199.jpg 300w\" sizes=\"auto, (max-width: 520px) 100vw, 520px\" \/><\/a><\/p>\n<p style=\"text-align: center\" align=\"center\"><a href=\"http:\/\/www.editiondaslabor.de\/blog\/wp-content\/uploads\/2012\/02\/1001-lc17.jpg\"><img loading=\"lazy\" decoding=\"async\" class=\"aligncenter  wp-image-1193\" src=\"http:\/\/www.editiondaslabor.de\/blog\/wp-content\/uploads\/2012\/02\/1001-lc17.jpg\" alt=\"\" width=\"438\" height=\"418\" \/><\/a>Andreas Roseneder\u00a0<em> \u00a0 Lavender Cosmos Duet<\/em> \u00a0\u00a0 Acryl auf Leinwand 2011<\/p>\n","protected":false},"excerpt":{"rendered":"<p>\u201e\u2026macht Rhizom, nicht Wurzeln, pflanzt nichts an! S\u00e4t nicht, stecht! Seid nicht eins oder viele, seid Vielheiten! Macht nie Punkte, sondern Linien! Geschwindigkeit verwandelt den Punkt in eine Linie!&#8230;\u201c\u00a0\u00a0 \u00a0 Gilles Deleuze \/ F\u00e9lix Guattari: \u201eRhizom\u201c, \u00a0Merve Verlag Berlin 1976&hellip;<\/p>\n<p class=\"more-link-p\"><a class=\"more-link\" href=\"http:\/\/www.editiondaslabor.de\/blog\/2012\/02\/06\/1001-utopie\/\">Read more &rarr;<\/a><\/p>\n","protected":false},"author":7,"featured_media":0,"comment_status":"open","ping_status":"open","sticky":false,"template":"","format":"standard","meta":{"footnotes":""},"categories":[1],"tags":[55,179,156],"class_list":["post-1183","post","type-post","status-publish","format-standard","hentry","category-literatur","tag-andreas-roseneder","tag-hildegard-kurt","tag-rene-desor"],"_links":{"self":[{"href":"http:\/\/www.editiondaslabor.de\/blog\/wp-json\/wp\/v2\/posts\/1183","targetHints":{"allow":["GET"]}}],"collection":[{"href":"http:\/\/www.editiondaslabor.de\/blog\/wp-json\/wp\/v2\/posts"}],"about":[{"href":"http:\/\/www.editiondaslabor.de\/blog\/wp-json\/wp\/v2\/types\/post"}],"author":[{"embeddable":true,"href":"http:\/\/www.editiondaslabor.de\/blog\/wp-json\/wp\/v2\/users\/7"}],"replies":[{"embeddable":true,"href":"http:\/\/www.editiondaslabor.de\/blog\/wp-json\/wp\/v2\/comments?post=1183"}],"version-history":[{"count":0,"href":"http:\/\/www.editiondaslabor.de\/blog\/wp-json\/wp\/v2\/posts\/1183\/revisions"}],"wp:attachment":[{"href":"http:\/\/www.editiondaslabor.de\/blog\/wp-json\/wp\/v2\/media?parent=1183"}],"wp:term":[{"taxonomy":"category","embeddable":true,"href":"http:\/\/www.editiondaslabor.de\/blog\/wp-json\/wp\/v2\/categories?post=1183"},{"taxonomy":"post_tag","embeddable":true,"href":"http:\/\/www.editiondaslabor.de\/blog\/wp-json\/wp\/v2\/tags?post=1183"}],"curies":[{"name":"wp","href":"https:\/\/api.w.org\/{rel}","templated":true}]}}