{"id":11660,"date":"2010-08-10T00:01:00","date_gmt":"2010-08-09T22:01:00","guid":{"rendered":"http:\/\/www.editiondaslabor.de\/blog\/?p=11660"},"modified":"2021-10-12T17:12:00","modified_gmt":"2021-10-12T15:12:00","slug":"der-legendare-erste-satz","status":"publish","type":"post","link":"http:\/\/www.editiondaslabor.de\/blog\/2010\/08\/10\/der-legendare-erste-satz\/","title":{"rendered":"Der legend\u00e4re erste Satz"},"content":{"rendered":"<p>&nbsp;<\/p>\n<p style=\"text-align: justify;\">\u00dcber dem Atlantik befand sich ein barometrisches Minimum; es wanderte ostw\u00e4rts, einem \u00fcber Ru\u00dflandlagernden Maximum zu, und verriet noch nicht die Neigung, diesem n\u00f6rdlich auszuweichen. DieIsothermen und kodieren taten ihre Schuldigkeit. Die Lufttemperatur stand in einem ordnungsgem\u00e4\u00dfen Verh\u00e4ltnis zur mittleren Jahrestemperatur, zur Temperatur des k\u00e4ltesten wie des w\u00e4rmsten Monats und zur aperiodischen monatlichen Temperaturschwankung. Der Auf- und Untergang der Sonne, des Mondes, der Lichtwechsel des Mondes, der Venus, des Saturnringes und viele andere bedeutsame Erscheinungenentsprachen ihrer Voraussage in den astronomischen Jahrb\u00fcchern. Der Wasserdampf in der Luft hatte seineh\u00f6chste Spannkraft, und die Feuchtigkeit der Luft war gering. Mit einem Wort, das das Tats\u00e4chliche rechtgut bezeichnet, wenn es auch etwas altmodisch ist: Es war ein sch\u00f6ner Augusttag des Jahres 1913.<\/p>\n<p>&nbsp;<\/p>\n<p>&nbsp;<\/p>\n<p style=\"text-align: justify;\"><strong><a href=\"http:\/\/www.editiondaslabor.de\/blog\/wp-content\/uploads\/2013\/08\/Cover.jpeg\"><img loading=\"lazy\" decoding=\"async\" class=\"wp-image-11663 alignleft\" title=\"Cover\" src=\"http:\/\/www.editiondaslabor.de\/blog\/wp-content\/uploads\/2013\/08\/Cover.jpeg\" alt=\"\" width=\"240\" height=\"184\" \/><\/a><\/strong><span style=\"color: #999999;\">Anmerkung der Redaktion<\/span>: Erster Absatz aus Robert Musils <strong>Der Mann ohne Eigenschaften<\/strong>. Lesenswert auch der <a href=\"http:\/\/www.editiondaslabor.de\/blog\/2021\/01\/19\/der-mann-ohne-eigenschaften-eine-utopie\/\">Essay<\/a> von Ulrich Bergmann.<\/p>\n<p style=\"text-align: justify;\"><strong>Weiterf\u00fchrend\u00a0\u2192 <\/strong>ein Essay \u00fcber die neue Literaturgattung <a href=\"http:\/\/www.editiondaslabor.de\/blog\/?p=22423\"><em>Twitteratur<\/em><\/a>.<\/p>\n","protected":false},"excerpt":{"rendered":"<p>&nbsp; \u00dcber dem Atlantik befand sich ein barometrisches Minimum; es wanderte ostw\u00e4rts, einem \u00fcber Ru\u00dflandlagernden Maximum zu, und verriet noch nicht die Neigung, diesem n\u00f6rdlich auszuweichen. DieIsothermen und kodieren taten ihre Schuldigkeit. Die Lufttemperatur stand in einem ordnungsgem\u00e4\u00dfen Verh\u00e4ltnis zur&hellip;<\/p>\n<p class=\"more-link-p\"><a class=\"more-link\" href=\"http:\/\/www.editiondaslabor.de\/blog\/2010\/08\/10\/der-legendare-erste-satz\/\">Read more &rarr;<\/a><\/p>\n","protected":false},"author":2,"featured_media":75914,"comment_status":"closed","ping_status":"open","sticky":false,"template":"","format":"standard","meta":{"footnotes":""},"categories":[1],"tags":[415],"class_list":["post-11660","post","type-post","status-publish","format-standard","has-post-thumbnail","hentry","category-literatur","tag-robert-musil"],"_links":{"self":[{"href":"http:\/\/www.editiondaslabor.de\/blog\/wp-json\/wp\/v2\/posts\/11660","targetHints":{"allow":["GET"]}}],"collection":[{"href":"http:\/\/www.editiondaslabor.de\/blog\/wp-json\/wp\/v2\/posts"}],"about":[{"href":"http:\/\/www.editiondaslabor.de\/blog\/wp-json\/wp\/v2\/types\/post"}],"author":[{"embeddable":true,"href":"http:\/\/www.editiondaslabor.de\/blog\/wp-json\/wp\/v2\/users\/2"}],"replies":[{"embeddable":true,"href":"http:\/\/www.editiondaslabor.de\/blog\/wp-json\/wp\/v2\/comments?post=11660"}],"version-history":[{"count":0,"href":"http:\/\/www.editiondaslabor.de\/blog\/wp-json\/wp\/v2\/posts\/11660\/revisions"}],"wp:featuredmedia":[{"embeddable":true,"href":"http:\/\/www.editiondaslabor.de\/blog\/wp-json\/"}],"wp:attachment":[{"href":"http:\/\/www.editiondaslabor.de\/blog\/wp-json\/wp\/v2\/media?parent=11660"}],"wp:term":[{"taxonomy":"category","embeddable":true,"href":"http:\/\/www.editiondaslabor.de\/blog\/wp-json\/wp\/v2\/categories?post=11660"},{"taxonomy":"post_tag","embeddable":true,"href":"http:\/\/www.editiondaslabor.de\/blog\/wp-json\/wp\/v2\/tags?post=11660"}],"curies":[{"name":"wp","href":"https:\/\/api.w.org\/{rel}","templated":true}]}}