{"id":11584,"date":"2019-05-17T00:00:56","date_gmt":"2019-05-16T22:00:56","guid":{"rendered":"http:\/\/www.editiondaslabor.de\/blog\/?p=11584"},"modified":"2022-03-07T06:25:17","modified_gmt":"2022-03-07T05:25:17","slug":"blindflug1","status":"publish","type":"post","link":"http:\/\/www.editiondaslabor.de\/blog\/2019\/05\/17\/blindflug1\/","title":{"rendered":"Blindflug[1]"},"content":{"rendered":"<p>&nbsp;<\/p>\n<p>Er verga\u00df die riesige steinerne Esse vor dem Werktor, wie sie sich<\/p>\n<p>&nbsp;<\/p>\n<p>streckte be\u00e4ngstigend, immer wenn die Maulw\u00fcrfe mit ihren<\/p>\n<p>&nbsp;<\/p>\n<p>beh\u00e4nden Schaufeln darunter w\u00fchlten, wie sie sich streckte,<\/p>\n<p>&nbsp;<\/p>\n<p>(be\u00e4ngstigend, nicht?) die riesige Esse, immer flog sie vor\u00fcber.<\/p>\n<p>&nbsp;<\/p>\n<p>&nbsp;<\/p>\n<div>\n<hr align=\"left\" size=\"1\" width=\"33%\" \/>\n<div>\n<p><a title=\"\" href=\"#_ftnref1\">[1]<\/a> F\u00fcr Wolfram Lotz. Um das Verfahren deutlich zu machen sei hier der Anfang seines<\/p>\n<p>Ausgangstextes zitiert: \u201eIch erinnere mich an das kleine H\u00e4uschen\u201c Talmayr hat etwas Vergleichbares im Wasserzeichen der Poesie mit Rilkes erster Duineser Elegie getrieben. Freilich ist eine<\/p>\n<p>Negation nur eine Negation, wenn man willk\u00fcrlich an einem der m\u00f6glichen grammatischen<\/p>\n<p>Pl\u00e4tze negiert und an anderen diese M\u00f6glichkeit ausl\u00e4sst. Sein Verfahren erfordert also eine<\/p>\n<p>Menge Weltwissen, es ist deswegen kein poetisches Erkenntnisinstrument. Bem\u00fcht man sich,<\/p>\n<p>f\u00fcr jedes Glied ein Pendant zu geben (was je nach Text auch nur mehr oder minder konsequent<\/p>\n<p>funktioniert) beruft man sich st\u00e4rker auf das W\u00f6rterbuch. Hier trat der Fall ein, dass die poetische Aussage merklich erhalten blieb. Die Strukturalisten k\u00f6nnten mit der Annahme Recht<\/p>\n<p>haben, dass diese in einer Spannung von Gegensatzpaaren beruhe, die ja in der Negativform<\/p>\n<p>erhalten bleiben.<\/p>\n<p>&nbsp;<\/p>\n<\/div>\n<\/div>\n<p align=\"center\">* * *<\/p>\n<p style=\"text-align: justify;\"><strong>Sleutel vo<a id=\"set-post-thumbnail\" class=\"thickbox\" href=\"http:\/\/www.editiondaslabor.de\/blog\/wp-admin\/media-upload.php?post_id=11584&amp;type=image&amp;TB_iframe=1\" aria-describedby=\"set-post-thumbnail-desc\"><img loading=\"lazy\" decoding=\"async\" class=\"attachment-266x266 size-266x266 alignleft\" src=\"http:\/\/www.editiondaslabor.de\/blog\/wp-content\/uploads\/2013\/03\/bertram-reinecke-sleutel-voor-de-hoogduitsche-spraakkunst.jpg\" sizes=\"auto, (max-width: 232px) 100vw, 232px\" srcset=\"http:\/\/www.editiondaslabor.de\/blog\/wp-content\/uploads\/2013\/03\/bertram-reinecke-sleutel-voor-de-hoogduitsche-spraakkunst.jpg 800w, http:\/\/www.editiondaslabor.de\/blog\/wp-content\/uploads\/2013\/03\/bertram-reinecke-sleutel-voor-de-hoogduitsche-spraakkunst-261x300.jpg 261w, http:\/\/www.editiondaslabor.de\/blog\/wp-content\/uploads\/2013\/03\/bertram-reinecke-sleutel-voor-de-hoogduitsche-spraakkunst-768x881.jpg 768w\" alt=\"\" width=\"232\" height=\"266\" \/><\/a>or de hoogduitsche Spraakkunst<\/strong> von Bertram Reinecke, herausgegeben von Ulf Stolterfoht, 83 Seiten, Broschur, Roughbooks, Leipzig, Berlin und Solothurn 2012.<\/p>\n<p>&nbsp;<\/p>\n<p style=\"text-align: justify;\"><strong>Weiterf\u00fchrend<\/strong> <strong>\u2192<\/strong> Poesie z\u00e4hlt f\u00fcr KUNO zu den identit\u00e4ts- und identifikationstiftenden Elementen der Kultur, dies bezeugt der Versuch einer <a href=\"http:\/\/www.editiondaslabor.de\/blog\/?p=25630\">poetologischen Positionsbestimmung<\/a>. Um den Widerstand gegen die gepolsterte Gegenwartslyrik ein wenig anzufachen schickte <span data-offset-key=\"d96ve-1-0\">Wolfgang Schlott<\/span><span data-offset-key=\"d96ve-2-0\"> dieses\u00a0 post-dadaistische <a href=\"http:\/\/www.editiondaslabor.de\/blog\/2016\/02\/03\/handwerkliche-anleitungen-zur-ueberwindung-von-schreibblockaden\/\">Manifest<\/a>. Warum<\/span> Lyrik wieder in die Zeitungen geh\u00f6rt <a href=\"http:\/\/www.editiondaslabor.de\/blog\/2017\/10\/07\/der-dichtung-eine-bresche-schlagen\/\">begr\u00fcndete<\/a> Walther Stonet, diese Forderung hat nichts an Aktualit\u00e4t verloren. Lesen Sie auch Maximilian Zanders <a href=\"http:\/\/www.editiondaslabor.de\/blog\/?p=5418\">Essay <\/a>\u00fcber Lyrik und ein R\u00fcckblick auf den <a href=\"http:\/\/www.editiondaslabor.de\/blog\/2014\/01\/08\/lyrik-katalog-bundesrepublik\/\"><em>Lyrik-Katalog Bundesrepublik<\/em><\/a>, sowie einen Essay \u00fcber den <a href=\"http:\/\/www.editiondaslabor.de\/blog\/2013\/12\/26\/lauschender-leser-und-redender-schreiber-2\/\">Lyrikvermittler<\/a> Theo Breuer. KUNO sch\u00e4tzt den minuti\u00f6sen Selbstinszenierungsprozess des lyrischen Dichter-Ichs von Ulrich Bergmann in der Reihe <a href=\"http:\/\/www.editiondaslabor.de\/blog\/?p=27947\">Keine Bojen auf hoher See, nur Sterne \u2026 und Schwerkraft. Gedanken \u00fcber das lyrische Schreiben<\/a>. Lesen Sie ein <a href=\"http:\/\/www.editiondaslabor.de\/blog\/?p=22835\">Portr\u00e4t <\/a>\u00fcber die interdisziplin\u00e4re T\u00e4tigkeit von Angelika Janz, sowie einen <a href=\"http:\/\/www.editiondaslabor.de\/blog\/?p=29450\">Essay<\/a> der <em>Fragmenttexterin.<\/em> Ein Portr\u00e4t von Sophie Reyer findet sich\u00a0<a href=\"http:\/\/www.editiondaslabor.de\/blog\/2013\/10\/08\/von-sappho-zu-sophie\/\">hier<\/a>, ein Essay fasst das transmediale Projekt<em> \u201e<a href=\"http:\/\/www.editiondaslabor.de\/blog\/2021\/04\/14\/bi-textualitaet\/\">Wortspielhalle<\/a>\u201c <\/em>zusammen<em>. <\/em>Auf KUNO lesen Sie u.a. Rezensionsessays von <a href=\"http:\/\/www.editiondaslabor.de\/blog\/2015\/06\/17\/beschwoerungszauber\/\">Holger Benkel<\/a> \u00fcber <a href=\"http:\/\/www.editiondaslabor.de\/blog\/?p=15175\">Andr\u00e9 Schinkel<\/a>, <a href=\"http:\/\/www.editiondaslabor.de\/blog\/2017\/11\/12\/mit-deutschen-untertiteln\/\">Ralph Pordzik<\/a>,\u00a0<a href=\"http:\/\/www.editiondaslabor.de\/blog\/2018\/12\/20\/wohnraeume-der-poesie\/\">Friederike Mayr\u00f6cker<\/a>, <a href=\"http:\/\/www.editiondaslabor.de\/blog\/2017\/03\/19\/welten-gegenwelten\/\">Werner Weimar-Mazur<\/a>, <a href=\"http:\/\/www.editiondaslabor.de\/blog\/2019\/06\/26\/wohnraeume-der-poesie-2\/\">Peter Engstler<\/a>, <a href=\"http:\/\/www.editiondaslabor.de\/blog\/?p=15177\">Birgitt Lieberwirth<\/a>, <a href=\"http:\/\/www.editiondaslabor.de\/blog\/2019\/08\/17\/der-grill-auf-der-hauswiese-der-welt\/\">Linda Vilhj\u00e1lmsd\u00f3ttir<\/a>, und <a href=\"http:\/\/www.editiondaslabor.de\/blog\/2017\/09\/17\/rettungsversuche-der-literatur-im-digitalen-raum\/\">A.J. Weigoni<\/a>. Lesenswert auch die <a href=\"http:\/\/www.editiondaslabor.de\/blog\/2020\/05\/16\/verseschmied-und-lyrikfischer\/\">Gratulation<\/a> von Axel Kutsch durch Markus Peters zum 75. Geburtstag. Nicht zu vergessen eine Empfehlung der kristallklaren Lyrik von <a href=\"http:\/\/www.editiondaslabor.de\/blog\/2020\/01\/19\/die-lyrikerin-ines-hagemeyer\/\">Ines Hagemeyer<\/a>. Diese Betrachtungen versammeln sich in der Tradition von <a href=\"http:\/\/www.editiondaslabor.de\/blog\/2000\/04\/04\/vauo\/\">V.O. Stomps<\/a>, dem Klassiker des Andersseins, dem <a href=\"http:\/\/www.editiondaslabor.de\/blog\/2005\/09\/24\/erinnerungen\/\">Bottroper Literaturrocker<\/a> &#8222;Biby&#8220; Wintjes und Hadayatullah H\u00fcbsch, dem Urvater des <a href=\"http:\/\/www.editiondaslabor.de\/blog\/1995\/06\/30\/wie-was-social-beat-ist-und-warum-und-warum-nicht\/\"><em>Social-Beat<\/em><\/a>, im KUNO-Online-Archiv. Wir empfehlen f\u00fcr Neulinge als Einstieg in das weite Feld der nonkonformistischen Literatur <a href=\"http:\/\/www.editiondaslabor.de\/blog\/2001\/04\/01\/nonkonformistische-literatur\/\">diesem Hinweis<\/a> zu folgen.<\/p>\n","protected":false},"excerpt":{"rendered":"<p>&nbsp; Er verga\u00df die riesige steinerne Esse vor dem Werktor, wie sie sich &nbsp; streckte be\u00e4ngstigend, immer wenn die Maulw\u00fcrfe mit ihren &nbsp; beh\u00e4nden Schaufeln darunter w\u00fchlten, wie sie sich streckte, &nbsp; (be\u00e4ngstigend, nicht?) die riesige Esse, immer flog sie&hellip;<\/p>\n<p class=\"more-link-p\"><a class=\"more-link\" href=\"http:\/\/www.editiondaslabor.de\/blog\/2019\/05\/17\/blindflug1\/\">Read more &rarr;<\/a><\/p>\n","protected":false},"author":62,"featured_media":98207,"comment_status":"closed","ping_status":"open","sticky":false,"template":"","format":"standard","meta":{"footnotes":""},"categories":[1],"tags":[638],"class_list":["post-11584","post","type-post","status-publish","format-standard","has-post-thumbnail","hentry","category-literatur","tag-bertram-reinecke"],"_links":{"self":[{"href":"http:\/\/www.editiondaslabor.de\/blog\/wp-json\/wp\/v2\/posts\/11584","targetHints":{"allow":["GET"]}}],"collection":[{"href":"http:\/\/www.editiondaslabor.de\/blog\/wp-json\/wp\/v2\/posts"}],"about":[{"href":"http:\/\/www.editiondaslabor.de\/blog\/wp-json\/wp\/v2\/types\/post"}],"author":[{"embeddable":true,"href":"http:\/\/www.editiondaslabor.de\/blog\/wp-json\/wp\/v2\/users\/62"}],"replies":[{"embeddable":true,"href":"http:\/\/www.editiondaslabor.de\/blog\/wp-json\/wp\/v2\/comments?post=11584"}],"version-history":[{"count":1,"href":"http:\/\/www.editiondaslabor.de\/blog\/wp-json\/wp\/v2\/posts\/11584\/revisions"}],"predecessor-version":[{"id":101934,"href":"http:\/\/www.editiondaslabor.de\/blog\/wp-json\/wp\/v2\/posts\/11584\/revisions\/101934"}],"wp:featuredmedia":[{"embeddable":true,"href":"http:\/\/www.editiondaslabor.de\/blog\/wp-json\/wp\/v2\/media\/98207"}],"wp:attachment":[{"href":"http:\/\/www.editiondaslabor.de\/blog\/wp-json\/wp\/v2\/media?parent=11584"}],"wp:term":[{"taxonomy":"category","embeddable":true,"href":"http:\/\/www.editiondaslabor.de\/blog\/wp-json\/wp\/v2\/categories?post=11584"},{"taxonomy":"post_tag","embeddable":true,"href":"http:\/\/www.editiondaslabor.de\/blog\/wp-json\/wp\/v2\/tags?post=11584"}],"curies":[{"name":"wp","href":"https:\/\/api.w.org\/{rel}","templated":true}]}}