{"id":11250,"date":"2011-10-27T00:01:47","date_gmt":"2011-10-26T22:01:47","guid":{"rendered":"http:\/\/www.editiondaslabor.de\/blog\/?p=11250"},"modified":"2024-09-22T20:11:18","modified_gmt":"2024-09-22T18:11:18","slug":"leben-in-moglichkeitsfloskeln-xxiii","status":"publish","type":"post","link":"http:\/\/www.editiondaslabor.de\/blog\/2011\/10\/27\/leben-in-moglichkeitsfloskeln-xxiii\/","title":{"rendered":"Leben in M\u00f6glichkeitsfloskeln XXIII"},"content":{"rendered":"<p>&nbsp;<\/p>\n<p style=\"text-align: justify;\">Vielleicht habe ich die gleiche Angst vor dem Tod, wie ich sie Zeit meines Lebens vor dem Leben hatte. Wie h\u00e4lt man das aus? Als Schellem\u00e4nnchen!<\/p>\n<p><a href=\"http:\/\/www.editiondaslabor.de\/blog\/wp-content\/uploads\/2013\/01\/IMG_1045.jpg\"><img loading=\"lazy\" decoding=\"async\" class=\"size-large wp-image-11251 aligncenter\" src=\"http:\/\/www.editiondaslabor.de\/blog\/wp-content\/uploads\/2013\/01\/IMG_1045-720x1024.jpg\" alt=\"\" width=\"456\" height=\"648\" srcset=\"http:\/\/www.editiondaslabor.de\/blog\/wp-content\/uploads\/2013\/01\/IMG_1045-720x1024.jpg 720w, http:\/\/www.editiondaslabor.de\/blog\/wp-content\/uploads\/2013\/01\/IMG_1045-211x300.jpg 211w, http:\/\/www.editiondaslabor.de\/blog\/wp-content\/uploads\/2013\/01\/IMG_1045.jpg 1888w\" sizes=\"auto, (max-width: 456px) 100vw, 456px\" \/><\/a><\/p>\n<p style=\"text-align: center;\">***<\/p>\n<p style=\"text-align: justify;\"><strong>Weiterf\u00fchrend<\/strong>\u00a0\u2192 Lesen Sie auch den <a href=\"http:\/\/www.editiondaslabor.de\/blog\/?p=12763\">Nachruf<\/a> \u00fcber Peter Meilchens Lebenswerk und den <a href=\"http:\/\/www.editiondaslabor.de\/blog\/?p=21518\">Essay<\/a> <em>50 Jahre Krumscheid \/ Meilchen<\/em> \u00fcber die\u00a0Retrospektive im Kunstverein Linz und den Essay zum Buch \/ Katalog-Projekt <a href=\"http:\/\/www.editiondaslabor.de\/blog\/?p=46549\"><em>630<\/em><\/a><\/p>\n<h4 style=\"text-align: justify;\"><\/h4>\n","protected":false},"excerpt":{"rendered":"<p>&nbsp; Vielleicht habe ich die gleiche Angst vor dem Tod, wie ich sie Zeit meines Lebens vor dem Leben hatte. Wie h\u00e4lt man das aus? Als Schellem\u00e4nnchen! *** Weiterf\u00fchrend\u00a0\u2192 Lesen Sie auch den Nachruf \u00fcber Peter Meilchens Lebenswerk und den&hellip;<\/p>\n<p class=\"more-link-p\"><a class=\"more-link\" href=\"http:\/\/www.editiondaslabor.de\/blog\/2011\/10\/27\/leben-in-moglichkeitsfloskeln-xxiii\/\">Read more &rarr;<\/a><\/p>\n","protected":false},"author":52,"featured_media":99471,"comment_status":"closed","ping_status":"open","sticky":false,"template":"","format":"standard","meta":{"footnotes":""},"categories":[1],"tags":[52,4397],"class_list":["post-11250","post","type-post","status-publish","format-standard","has-post-thumbnail","hentry","category-literatur","tag-peter-meilchen","tag-rheintor"],"_links":{"self":[{"href":"http:\/\/www.editiondaslabor.de\/blog\/wp-json\/wp\/v2\/posts\/11250","targetHints":{"allow":["GET"]}}],"collection":[{"href":"http:\/\/www.editiondaslabor.de\/blog\/wp-json\/wp\/v2\/posts"}],"about":[{"href":"http:\/\/www.editiondaslabor.de\/blog\/wp-json\/wp\/v2\/types\/post"}],"author":[{"embeddable":true,"href":"http:\/\/www.editiondaslabor.de\/blog\/wp-json\/wp\/v2\/users\/52"}],"replies":[{"embeddable":true,"href":"http:\/\/www.editiondaslabor.de\/blog\/wp-json\/wp\/v2\/comments?post=11250"}],"version-history":[{"count":1,"href":"http:\/\/www.editiondaslabor.de\/blog\/wp-json\/wp\/v2\/posts\/11250\/revisions"}],"predecessor-version":[{"id":106347,"href":"http:\/\/www.editiondaslabor.de\/blog\/wp-json\/wp\/v2\/posts\/11250\/revisions\/106347"}],"wp:featuredmedia":[{"embeddable":true,"href":"http:\/\/www.editiondaslabor.de\/blog\/wp-json\/wp\/v2\/media\/99471"}],"wp:attachment":[{"href":"http:\/\/www.editiondaslabor.de\/blog\/wp-json\/wp\/v2\/media?parent=11250"}],"wp:term":[{"taxonomy":"category","embeddable":true,"href":"http:\/\/www.editiondaslabor.de\/blog\/wp-json\/wp\/v2\/categories?post=11250"},{"taxonomy":"post_tag","embeddable":true,"href":"http:\/\/www.editiondaslabor.de\/blog\/wp-json\/wp\/v2\/tags?post=11250"}],"curies":[{"name":"wp","href":"https:\/\/api.w.org\/{rel}","templated":true}]}}