{"id":11209,"date":"1998-12-13T00:01:32","date_gmt":"1998-12-12T23:01:32","guid":{"rendered":"http:\/\/www.editiondaslabor.de\/blog\/?p=11209"},"modified":"2021-11-02T15:07:57","modified_gmt":"2021-11-02T14:07:57","slug":"leben-in-moglichkeitsfloskeln-xii","status":"publish","type":"post","link":"http:\/\/www.editiondaslabor.de\/blog\/1998\/12\/13\/leben-in-moglichkeitsfloskeln-xii\/","title":{"rendered":"Leben in M\u00f6glichkeitsfloskeln XII"},"content":{"rendered":"<p>&nbsp;<\/p>\n<p>Mittels der Fotografie schneide ich mir Bilder aus der Zeit, durch die ich gehe und f\u00fclle mit ihnen die Zeitl\u00f6cher aus, in denen ich lebe.<\/p>\n<p>&nbsp;<\/p>\n<p><a href=\"http:\/\/www.editiondaslabor.de\/blog\/wp-content\/uploads\/2013\/01\/IMG_1035.jpg\"><img loading=\"lazy\" decoding=\"async\" class=\"size-large wp-image-11211 aligncenter\" src=\"http:\/\/www.editiondaslabor.de\/blog\/wp-content\/uploads\/2013\/01\/IMG_1035-731x1024.jpg\" alt=\"\" width=\"456\" height=\"638\" srcset=\"http:\/\/www.editiondaslabor.de\/blog\/wp-content\/uploads\/2013\/01\/IMG_1035-731x1024.jpg 731w, http:\/\/www.editiondaslabor.de\/blog\/wp-content\/uploads\/2013\/01\/IMG_1035-214x300.jpg 214w, http:\/\/www.editiondaslabor.de\/blog\/wp-content\/uploads\/2013\/01\/IMG_1035.jpg 1972w\" sizes=\"auto, (max-width: 456px) 100vw, 456px\" \/><\/a><\/p>\n<h5 style=\"text-align: justify;\"><strong>Weiterf\u00fchend<\/strong>\u00a0\u2192<\/h5>\n<p style=\"text-align: justify;\">Lesen Sie auch den\u00a0<strong><a href=\"http:\/\/www.editiondaslabor.de\/blog\/?p=12763\">Nachruf<\/a><\/strong> \u00fcber Peter Meilchens Lebenswerk und den\u00a0<strong><a href=\"http:\/\/www.editiondaslabor.de\/blog\/?p=21518\">Essay<\/a><\/strong> 50 Jahre Krumscheid \/ Meilchen \u00fcber die Retrospektive im Kunstverein Linz.<\/p>\n<p>&nbsp;<\/p>\n","protected":false},"excerpt":{"rendered":"<p>&nbsp; Mittels der Fotografie schneide ich mir Bilder aus der Zeit, durch die ich gehe und f\u00fclle mit ihnen die Zeitl\u00f6cher aus, in denen ich lebe. &nbsp; Weiterf\u00fchend\u00a0\u2192 Lesen Sie auch den\u00a0Nachruf \u00fcber Peter Meilchens Lebenswerk und den\u00a0Essay 50 Jahre&hellip;<\/p>\n<p class=\"more-link-p\"><a class=\"more-link\" href=\"http:\/\/www.editiondaslabor.de\/blog\/1998\/12\/13\/leben-in-moglichkeitsfloskeln-xii\/\">Read more &rarr;<\/a><\/p>\n","protected":false},"author":52,"featured_media":15736,"comment_status":"closed","ping_status":"open","sticky":false,"template":"","format":"standard","meta":{"footnotes":""},"categories":[1],"tags":[52],"class_list":["post-11209","post","type-post","status-publish","format-standard","has-post-thumbnail","hentry","category-literatur","tag-peter-meilchen"],"_links":{"self":[{"href":"http:\/\/www.editiondaslabor.de\/blog\/wp-json\/wp\/v2\/posts\/11209","targetHints":{"allow":["GET"]}}],"collection":[{"href":"http:\/\/www.editiondaslabor.de\/blog\/wp-json\/wp\/v2\/posts"}],"about":[{"href":"http:\/\/www.editiondaslabor.de\/blog\/wp-json\/wp\/v2\/types\/post"}],"author":[{"embeddable":true,"href":"http:\/\/www.editiondaslabor.de\/blog\/wp-json\/wp\/v2\/users\/52"}],"replies":[{"embeddable":true,"href":"http:\/\/www.editiondaslabor.de\/blog\/wp-json\/wp\/v2\/comments?post=11209"}],"version-history":[{"count":0,"href":"http:\/\/www.editiondaslabor.de\/blog\/wp-json\/wp\/v2\/posts\/11209\/revisions"}],"wp:featuredmedia":[{"embeddable":true,"href":"http:\/\/www.editiondaslabor.de\/blog\/wp-json\/"}],"wp:attachment":[{"href":"http:\/\/www.editiondaslabor.de\/blog\/wp-json\/wp\/v2\/media?parent=11209"}],"wp:term":[{"taxonomy":"category","embeddable":true,"href":"http:\/\/www.editiondaslabor.de\/blog\/wp-json\/wp\/v2\/categories?post=11209"},{"taxonomy":"post_tag","embeddable":true,"href":"http:\/\/www.editiondaslabor.de\/blog\/wp-json\/wp\/v2\/tags?post=11209"}],"curies":[{"name":"wp","href":"https:\/\/api.w.org\/{rel}","templated":true}]}}