{"id":11159,"date":"1996-12-13T01:17:22","date_gmt":"1996-12-13T00:17:22","guid":{"rendered":"http:\/\/www.editiondaslabor.de\/blog\/?p=11159"},"modified":"2016-11-08T09:26:30","modified_gmt":"2016-11-08T08:26:30","slug":"leben-in-moglichkeitsfloskeln-v","status":"publish","type":"post","link":"http:\/\/www.editiondaslabor.de\/blog\/1996\/12\/13\/leben-in-moglichkeitsfloskeln-v\/","title":{"rendered":"Leben in M\u00f6glichkeitsfloskeln V"},"content":{"rendered":"<p style=\"text-align: justify;\">Kreativit\u00e4t ist zuweilen ein Luder, das dich besucht, wenn es geil ist und vernachl\u00e4sigt, wenn es jemand anderen hat.<\/p>\n<p><a href=\"http:\/\/www.editiondaslabor.de\/blog\/wp-content\/uploads\/2013\/03\/IMG_1027-735x10241.jpg\"><img loading=\"lazy\" decoding=\"async\" class=\"alignleft size-full wp-image-11372\" title=\"IMG_1027-735x1024\" alt=\"\" src=\"http:\/\/www.editiondaslabor.de\/blog\/wp-content\/uploads\/2013\/03\/IMG_1027-735x10241.jpg\" width=\"735\" height=\"1024\" srcset=\"http:\/\/www.editiondaslabor.de\/blog\/wp-content\/uploads\/2013\/03\/IMG_1027-735x10241.jpg 735w, http:\/\/www.editiondaslabor.de\/blog\/wp-content\/uploads\/2013\/03\/IMG_1027-735x10241-215x300.jpg 215w\" sizes=\"auto, (max-width: 735px) 100vw, 735px\" \/><\/a><\/p>\n<p style=\"text-align: center;\">\n<p style=\"text-align: center;\">***<\/p>\n<h4 style=\"text-align: justify;\"><strong><strong>Weiterf\u00fchend<\/strong>\u00a0\u2192 <\/strong><\/h4>\n<p style=\"text-align: justify;\">Lesen Sie auch den\u00a0<strong><a href=\"http:\/\/www.editiondaslabor.de\/blog\/?p=12763\">Nachruf<\/a><\/strong> \u00fcber Peter Meilchens Lebenswerk und den\u00a0<strong><a href=\"http:\/\/www.editiondaslabor.de\/blog\/?p=21518\">Essay<\/a><\/strong> 50 Jahre Krumscheid \/ Meilchen \u00fcber die Retrospektive im Kunstverein Linz.<\/p>\n<p>&nbsp;<\/p>\n","protected":false},"excerpt":{"rendered":"<p>Kreativit\u00e4t ist zuweilen ein Luder, das dich besucht, wenn es geil ist und vernachl\u00e4sigt, wenn es jemand anderen hat. *** Weiterf\u00fchend\u00a0\u2192 Lesen Sie auch den\u00a0Nachruf \u00fcber Peter Meilchens Lebenswerk und den\u00a0Essay 50 Jahre Krumscheid \/ Meilchen \u00fcber die Retrospektive im&hellip;<\/p>\n<p class=\"more-link-p\"><a class=\"more-link\" href=\"http:\/\/www.editiondaslabor.de\/blog\/1996\/12\/13\/leben-in-moglichkeitsfloskeln-v\/\">Read more &rarr;<\/a><\/p>\n","protected":false},"author":52,"featured_media":0,"comment_status":"closed","ping_status":"open","sticky":false,"template":"","format":"standard","meta":{"footnotes":""},"categories":[1],"tags":[52],"class_list":["post-11159","post","type-post","status-publish","format-standard","hentry","category-literatur","tag-peter-meilchen"],"_links":{"self":[{"href":"http:\/\/www.editiondaslabor.de\/blog\/wp-json\/wp\/v2\/posts\/11159","targetHints":{"allow":["GET"]}}],"collection":[{"href":"http:\/\/www.editiondaslabor.de\/blog\/wp-json\/wp\/v2\/posts"}],"about":[{"href":"http:\/\/www.editiondaslabor.de\/blog\/wp-json\/wp\/v2\/types\/post"}],"author":[{"embeddable":true,"href":"http:\/\/www.editiondaslabor.de\/blog\/wp-json\/wp\/v2\/users\/52"}],"replies":[{"embeddable":true,"href":"http:\/\/www.editiondaslabor.de\/blog\/wp-json\/wp\/v2\/comments?post=11159"}],"version-history":[{"count":0,"href":"http:\/\/www.editiondaslabor.de\/blog\/wp-json\/wp\/v2\/posts\/11159\/revisions"}],"wp:attachment":[{"href":"http:\/\/www.editiondaslabor.de\/blog\/wp-json\/wp\/v2\/media?parent=11159"}],"wp:term":[{"taxonomy":"category","embeddable":true,"href":"http:\/\/www.editiondaslabor.de\/blog\/wp-json\/wp\/v2\/categories?post=11159"},{"taxonomy":"post_tag","embeddable":true,"href":"http:\/\/www.editiondaslabor.de\/blog\/wp-json\/wp\/v2\/tags?post=11159"}],"curies":[{"name":"wp","href":"https:\/\/api.w.org\/{rel}","templated":true}]}}