{"id":11155,"date":"1995-12-13T00:01:45","date_gmt":"1995-12-12T23:01:45","guid":{"rendered":"http:\/\/www.editiondaslabor.de\/blog\/?p=11155"},"modified":"2022-02-22T14:12:00","modified_gmt":"2022-02-22T13:12:00","slug":"leben-in-moglichkeitsfloskeln-iv","status":"publish","type":"post","link":"http:\/\/www.editiondaslabor.de\/blog\/1995\/12\/13\/leben-in-moglichkeitsfloskeln-iv\/","title":{"rendered":"Leben in M\u00f6glichkeitsfloskeln IV"},"content":{"rendered":"<p style=\"text-align: justify;\">Manche Ber\u00fchrung, die eine Frau von dir m\u00f6chte, dient nur der Erinnerung an jemand Anderen.<\/p>\n<p><a href=\"http:\/\/www.editiondaslabor.de\/blog\/wp-content\/uploads\/2013\/01\/IMG_1026.jpg\"><img loading=\"lazy\" decoding=\"async\" class=\"size-large wp-image-11156 aligncenter\" src=\"http:\/\/www.editiondaslabor.de\/blog\/wp-content\/uploads\/2013\/01\/IMG_1026-710x1024.jpg\" alt=\"\" width=\"456\" height=\"657\" srcset=\"http:\/\/www.editiondaslabor.de\/blog\/wp-content\/uploads\/2013\/01\/IMG_1026-710x1024.jpg 710w, http:\/\/www.editiondaslabor.de\/blog\/wp-content\/uploads\/2013\/01\/IMG_1026-208x300.jpg 208w, http:\/\/www.editiondaslabor.de\/blog\/wp-content\/uploads\/2013\/01\/IMG_1026.jpg 1816w\" sizes=\"auto, (max-width: 456px) 100vw, 456px\" \/><\/a><\/p>\n<h5 style=\"text-align: justify;\"><strong>Weiterf\u00fchend<\/strong>\u00a0\u2192<\/h5>\n<p style=\"text-align: justify;\">Lesen Sie auch den\u00a0<a href=\"http:\/\/www.editiondaslabor.de\/blog\/?p=12763\">Nachruf<\/a> \u00fcber Peter Meilchens Lebenswerk und den\u00a0<a href=\"http:\/\/www.editiondaslabor.de\/blog\/?p=21518\">Essay<\/a> 50 Jahre Krumscheid \/ Meilchen \u00fcber die Retrospektive im Kunstverein Linz.<\/p>\n","protected":false},"excerpt":{"rendered":"<p>Manche Ber\u00fchrung, die eine Frau von dir m\u00f6chte, dient nur der Erinnerung an jemand Anderen. Weiterf\u00fchend\u00a0\u2192 Lesen Sie auch den\u00a0Nachruf \u00fcber Peter Meilchens Lebenswerk und den\u00a0Essay 50 Jahre Krumscheid \/ Meilchen \u00fcber die Retrospektive im Kunstverein Linz.<\/p>\n<p class=\"more-link-p\"><a class=\"more-link\" href=\"http:\/\/www.editiondaslabor.de\/blog\/1995\/12\/13\/leben-in-moglichkeitsfloskeln-iv\/\">Read more &rarr;<\/a><\/p>\n","protected":false},"author":52,"featured_media":99471,"comment_status":"closed","ping_status":"open","sticky":false,"template":"","format":"standard","meta":{"footnotes":""},"categories":[1],"tags":[52],"class_list":["post-11155","post","type-post","status-publish","format-standard","has-post-thumbnail","hentry","category-literatur","tag-peter-meilchen"],"_links":{"self":[{"href":"http:\/\/www.editiondaslabor.de\/blog\/wp-json\/wp\/v2\/posts\/11155","targetHints":{"allow":["GET"]}}],"collection":[{"href":"http:\/\/www.editiondaslabor.de\/blog\/wp-json\/wp\/v2\/posts"}],"about":[{"href":"http:\/\/www.editiondaslabor.de\/blog\/wp-json\/wp\/v2\/types\/post"}],"author":[{"embeddable":true,"href":"http:\/\/www.editiondaslabor.de\/blog\/wp-json\/wp\/v2\/users\/52"}],"replies":[{"embeddable":true,"href":"http:\/\/www.editiondaslabor.de\/blog\/wp-json\/wp\/v2\/comments?post=11155"}],"version-history":[{"count":1,"href":"http:\/\/www.editiondaslabor.de\/blog\/wp-json\/wp\/v2\/posts\/11155\/revisions"}],"predecessor-version":[{"id":99472,"href":"http:\/\/www.editiondaslabor.de\/blog\/wp-json\/wp\/v2\/posts\/11155\/revisions\/99472"}],"wp:featuredmedia":[{"embeddable":true,"href":"http:\/\/www.editiondaslabor.de\/blog\/wp-json\/wp\/v2\/media\/99471"}],"wp:attachment":[{"href":"http:\/\/www.editiondaslabor.de\/blog\/wp-json\/wp\/v2\/media?parent=11155"}],"wp:term":[{"taxonomy":"category","embeddable":true,"href":"http:\/\/www.editiondaslabor.de\/blog\/wp-json\/wp\/v2\/categories?post=11155"},{"taxonomy":"post_tag","embeddable":true,"href":"http:\/\/www.editiondaslabor.de\/blog\/wp-json\/wp\/v2\/tags?post=11155"}],"curies":[{"name":"wp","href":"https:\/\/api.w.org\/{rel}","templated":true}]}}