{"id":11126,"date":"2012-09-17T00:01:00","date_gmt":"2012-09-16T22:01:00","guid":{"rendered":"http:\/\/www.editiondaslabor.de\/blog\/?p=11126"},"modified":"2022-02-21T14:51:46","modified_gmt":"2022-02-21T13:51:46","slug":"nur-ein-bischen-kino","status":"publish","type":"post","link":"http:\/\/www.editiondaslabor.de\/blog\/2012\/09\/17\/nur-ein-bischen-kino\/","title":{"rendered":"Nur ein bi\u00dfchen Kino"},"content":{"rendered":"\r\n<p>&nbsp;<\/p>\r\n<p>Die meisten Esser lassen ihren Nachtisch stehen.<\/p>\r\n\r\n\r\n\r\n<p>Die \u00e4lteren M\u00e4nner sehen entschlossen aus,<\/p>\r\n\r\n\r\n\r\n<p>aber nicht zuversichtlich.<\/p>\r\n\r\n\r\n\r\n<p>Die H\u00e4nde der Frauen streichen jetzt st\u00e4ndig<\/p>\r\n\r\n\r\n\r\n<p>\u00fcber Kinderscheitel. Pl\u00f6tzlich gibt es<\/p>\r\n\r\n\r\n\r\n<p>mehr Kinderscheitel in der Stadt als je zuvor.<\/p>\r\n\r\n\r\n\r\n<p>Die Physiker rechnen mit allem.<\/p>\r\n\r\n\r\n\r\n<p>Kommissionen werden gebildet.<\/p>\r\n\r\n\r\n\r\n<p>(Wo kommen die Schlangen her?)<\/p>\r\n\r\n\r\n\r\n<p>Komisch, es gibt keine Staus.<\/p>\r\n\r\n\r\n\r\n<p>Man ist auf Vermutungen angewiesen.<\/p>\r\n\r\n\r\n\r\n<p>Beispiel: Gruppen von Achtkl\u00e4sslern,<\/p>\r\n\r\n\r\n\r\n<p>ausger\u00fcstet mit nanobots,<\/p>\r\n\r\n\r\n\r\n<p>klingeln an Haust\u00fcren;<\/p>\r\n\r\n\r\n\r\n<p>danach sind alle Abfalltonnen voll;<\/p>\r\n\r\n\r\n\r\n<p>vieles sieht seltsam aus. Indizien.<\/p>\r\n\r\n\r\n\r\n<p>Ja, h\u00e4tte man rechtzeitig die privatrechtlichen &#8230;<\/p>\r\n\r\n\r\n\r\n<p>und die share holder &#8230; singt der Chorf\u00fchrer.<\/p>\r\n\r\n\r\n\r\n<p>Zu sp\u00e4t, antwortet der Chor.<\/p>\r\n\r\n\r\n\r\n<p>Jeder wird sich bei jedem einklinken,<\/p>\r\n\r\n\r\n\r\n<p>Mensch und Maschine werden verschmelzen &#8230;*<\/p>\r\n\r\n\r\n\r\n<p>Das ist das Mindeste \u2013<\/p>\r\n\r\n\r\n\r\n<p>Werden Sie ruhig ein bi\u00dfchen wahnsinnig,<\/p>\r\n\r\n\r\n\r\n<p>sagt der Doktor, n\u00fctzen wird es nichts.<\/p>\r\n\r\n<h5>\u00a0<\/h5>\r\n<p style=\"text-align: center;\">***<\/p>\r\n<p style=\"text-align: justify;\"><a href=\"http:\/\/www.editiondaslabor.de\/blog\/wp-content\/uploads\/2013\/03\/versnetze5-2001.jpg\"><img loading=\"lazy\" decoding=\"async\" class=\"alignleft size-medium wp-image-11130\" title=\"versnetze5-200\" src=\"http:\/\/www.editiondaslabor.de\/blog\/wp-content\/uploads\/2013\/03\/versnetze5-2001-198x300.jpg\" alt=\"\" width=\"198\" height=\"300\" srcset=\"http:\/\/www.editiondaslabor.de\/blog\/wp-content\/uploads\/2013\/03\/versnetze5-2001-198x300.jpg 198w, http:\/\/www.editiondaslabor.de\/blog\/wp-content\/uploads\/2013\/03\/versnetze5-2001.jpg 200w\" sizes=\"auto, (max-width: 198px) 100vw, 198px\" \/><\/a>Aus: Versnetze_f\u00fcnf<br \/>Deutschsprachige Lyrik der Gegenwart<br \/>Hrsg. von Axel Kutsch<br \/>Landpresse 2012<br \/>352 Seiten | 22 Euro<\/p>\r\n<p style=\"text-align: justify;\">*Zitiert nach einem Interview (1999) mit Ray Kurzweil, Erfinder, Wissenschaftler und Unternehmer.<\/p>\r\n<p style=\"text-align: justify;\"><strong>Weiterf\u00fchrend \u2192<\/strong>\u00a0Poesie z\u00e4hlt f\u00fcr KUNO weiterhin zu den identit\u00e4ts- und identifikationstiftenden Elementen einer Kultur, dies bezeugte auch der Versuch einer <a href=\"http:\/\/www.editiondaslabor.de\/blog\/?p=25630\">poetologischen Positionsbestimmung<\/a>.<\/p>","protected":false},"excerpt":{"rendered":"<p>&nbsp; Die meisten Esser lassen ihren Nachtisch stehen. Die \u00e4lteren M\u00e4nner sehen entschlossen aus, aber nicht zuversichtlich. Die H\u00e4nde der Frauen streichen jetzt st\u00e4ndig \u00fcber Kinderscheitel. Pl\u00f6tzlich gibt es mehr Kinderscheitel in der Stadt als je zuvor. Die Physiker rechnen&hellip;<\/p>\n<p class=\"more-link-p\"><a class=\"more-link\" href=\"http:\/\/www.editiondaslabor.de\/blog\/2012\/09\/17\/nur-ein-bischen-kino\/\">Read more &rarr;<\/a><\/p>\n","protected":false},"author":31,"featured_media":99196,"comment_status":"closed","ping_status":"open","sticky":false,"template":"","format":"standard","meta":{"footnotes":""},"categories":[1],"tags":[173],"class_list":["post-11126","post","type-post","status-publish","format-standard","has-post-thumbnail","hentry","category-literatur","tag-maximilian-zander"],"_links":{"self":[{"href":"http:\/\/www.editiondaslabor.de\/blog\/wp-json\/wp\/v2\/posts\/11126","targetHints":{"allow":["GET"]}}],"collection":[{"href":"http:\/\/www.editiondaslabor.de\/blog\/wp-json\/wp\/v2\/posts"}],"about":[{"href":"http:\/\/www.editiondaslabor.de\/blog\/wp-json\/wp\/v2\/types\/post"}],"author":[{"embeddable":true,"href":"http:\/\/www.editiondaslabor.de\/blog\/wp-json\/wp\/v2\/users\/31"}],"replies":[{"embeddable":true,"href":"http:\/\/www.editiondaslabor.de\/blog\/wp-json\/wp\/v2\/comments?post=11126"}],"version-history":[{"count":1,"href":"http:\/\/www.editiondaslabor.de\/blog\/wp-json\/wp\/v2\/posts\/11126\/revisions"}],"predecessor-version":[{"id":99218,"href":"http:\/\/www.editiondaslabor.de\/blog\/wp-json\/wp\/v2\/posts\/11126\/revisions\/99218"}],"wp:featuredmedia":[{"embeddable":true,"href":"http:\/\/www.editiondaslabor.de\/blog\/wp-json\/wp\/v2\/media\/99196"}],"wp:attachment":[{"href":"http:\/\/www.editiondaslabor.de\/blog\/wp-json\/wp\/v2\/media?parent=11126"}],"wp:term":[{"taxonomy":"category","embeddable":true,"href":"http:\/\/www.editiondaslabor.de\/blog\/wp-json\/wp\/v2\/categories?post=11126"},{"taxonomy":"post_tag","embeddable":true,"href":"http:\/\/www.editiondaslabor.de\/blog\/wp-json\/wp\/v2\/tags?post=11126"}],"curies":[{"name":"wp","href":"https:\/\/api.w.org\/{rel}","templated":true}]}}