{"id":11041,"date":"2008-01-03T00:01:21","date_gmt":"2008-01-02T23:01:21","guid":{"rendered":"http:\/\/www.editiondaslabor.de\/blog\/?p=11041"},"modified":"2021-10-05T17:52:22","modified_gmt":"2021-10-05T15:52:22","slug":"ihr-atem-hies-jetzt","status":"publish","type":"post","link":"http:\/\/www.editiondaslabor.de\/blog\/2008\/01\/03\/ihr-atem-hies-jetzt\/","title":{"rendered":"Ihr Atem hie\u00df: Jetzt!"},"content":{"rendered":"<h4 style=\"text-align: left;\"><\/h4>\n<h4 style=\"padding-left: 180px; text-align: left;\"><span style=\"color: #000080;\">Ich schreibe mich<\/span><\/h4>\n<h4 style=\"padding-left: 180px; text-align: left;\"><span style=\"color: #000080;\">ins Nichts<\/span><\/h4>\n<h4 style=\"padding-left: 180px; text-align: left;\"><span style=\"color: #000080;\">es wird mich ewig<\/span><\/h4>\n<h4 style=\"padding-left: 180px; text-align: left;\"><span style=\"color: #000080;\">aufbewahren<\/span><\/h4>\n<p>&nbsp;<\/p>\n<h4 style=\"text-align: center;\">\u00a0<span style=\"color: #000080;\">*<\/span><\/h4>\n<div id=\"attachment_11042\" style=\"width: 199px\" class=\"wp-caption alignleft\"><a href=\"http:\/\/www.editiondaslabor.de\/blog\/wp-content\/uploads\/2013\/01\/Rose_Ausla\u0308nder_1914.jpg\"><img loading=\"lazy\" decoding=\"async\" aria-describedby=\"caption-attachment-11042\" class=\"size-full wp-image-11042\" title=\"Rose_Ausla\u0308nder_(1914)\" src=\"http:\/\/www.editiondaslabor.de\/blog\/wp-content\/uploads\/2013\/01\/Rose_Ausla\u0308nder_1914.jpg\" alt=\"\" width=\"189\" height=\"283\" \/><\/a><p id=\"caption-attachment-11042\" class=\"wp-caption-text\">Rose Ausl\u00e4nder (1914)<\/p><\/div>\n<p style=\"text-align: justify;\">Vor 20 Jahren starb Rose Ausl\u00e4nder in D\u00fcsseldorf. Um dem Erinnern an diese Lyrikerin in D\u00fcsseldorf einen Ort zu geben, w\u00fcnschen wir uns, dass ein Teil des Nordparks gegen\u00fcber dem Nelly-Sachs-Haus, den Rose Ausl\u00e4nder sehr geliebt hat und in zahlreichen ihrer Gedichte thematisiert, ihr zu Ehren <em>Rose-Ausl\u00e4nder-Garten<\/em> getauft wird. Dieser Wunsch, den ihr Verleger Helmut Braun am Ende der Lesung zum 20. Todestag im Schauspielhaus formuliert hat, fand beim Publikum viel Beifall und die <a href=\"http:\/\/www.roseauslaender-stiftung.de\/\">Rose-Ausl\u00e4nder-Stiftung<\/a> hofft auch weiterhin auf Ihre Unterst\u00fctzung z\u00e4hlen zu k\u00f6nnen.<\/p>\n","protected":false},"excerpt":{"rendered":"<p>Ich schreibe mich ins Nichts es wird mich ewig aufbewahren &nbsp; \u00a0* Vor 20 Jahren starb Rose Ausl\u00e4nder in D\u00fcsseldorf. Um dem Erinnern an diese Lyrikerin in D\u00fcsseldorf einen Ort zu geben, w\u00fcnschen wir uns, dass ein Teil des Nordparks&hellip;<\/p>\n<p class=\"more-link-p\"><a class=\"more-link\" href=\"http:\/\/www.editiondaslabor.de\/blog\/2008\/01\/03\/ihr-atem-hies-jetzt\/\">Read more &rarr;<\/a><\/p>\n","protected":false},"author":257,"featured_media":11042,"comment_status":"closed","ping_status":"open","sticky":false,"template":"","format":"standard","meta":{"footnotes":""},"categories":[1],"tags":[839],"class_list":["post-11041","post","type-post","status-publish","format-standard","has-post-thumbnail","hentry","category-literatur","tag-rose-auslander"],"_links":{"self":[{"href":"http:\/\/www.editiondaslabor.de\/blog\/wp-json\/wp\/v2\/posts\/11041","targetHints":{"allow":["GET"]}}],"collection":[{"href":"http:\/\/www.editiondaslabor.de\/blog\/wp-json\/wp\/v2\/posts"}],"about":[{"href":"http:\/\/www.editiondaslabor.de\/blog\/wp-json\/wp\/v2\/types\/post"}],"author":[{"embeddable":true,"href":"http:\/\/www.editiondaslabor.de\/blog\/wp-json\/wp\/v2\/users\/257"}],"replies":[{"embeddable":true,"href":"http:\/\/www.editiondaslabor.de\/blog\/wp-json\/wp\/v2\/comments?post=11041"}],"version-history":[{"count":0,"href":"http:\/\/www.editiondaslabor.de\/blog\/wp-json\/wp\/v2\/posts\/11041\/revisions"}],"wp:featuredmedia":[{"embeddable":true,"href":"http:\/\/www.editiondaslabor.de\/blog\/wp-json\/"}],"wp:attachment":[{"href":"http:\/\/www.editiondaslabor.de\/blog\/wp-json\/wp\/v2\/media?parent=11041"}],"wp:term":[{"taxonomy":"category","embeddable":true,"href":"http:\/\/www.editiondaslabor.de\/blog\/wp-json\/wp\/v2\/categories?post=11041"},{"taxonomy":"post_tag","embeddable":true,"href":"http:\/\/www.editiondaslabor.de\/blog\/wp-json\/wp\/v2\/tags?post=11041"}],"curies":[{"name":"wp","href":"https:\/\/api.w.org\/{rel}","templated":true}]}}