{"id":1072,"date":"2012-02-01T00:05:54","date_gmt":"2012-01-31T23:05:54","guid":{"rendered":"http:\/\/www.editiondaslabor.de\/blog\/?p=1072"},"modified":"2019-09-29T20:04:32","modified_gmt":"2019-09-29T18:04:32","slug":"portrat-des-hungertuchpreistragers-joachim-paul","status":"publish","type":"post","link":"http:\/\/www.editiondaslabor.de\/blog\/2012\/02\/01\/portrat-des-hungertuchpreistragers-joachim-paul\/","title":{"rendered":"Portr\u00e4t des Hungertuchpreistr\u00e4gers Joachim Paul"},"content":{"rendered":"<p style=\"text-align: right;\"><span style=\"color: #999999;\"><em>Versuche, einen Roman zu schreiben. Du vermagst es nicht? Dann versuch es mit einem Theaterst\u00fcck. Du kannst es nicht? Dann mach eine Aufstellung der B\u00f6rsenbaissen in New York. Versuch alles. Und wenn es gar nichts geworden ist, dann sag, es sei ein Essay.<\/em><\/span><\/p>\n<p style=\"text-align: right;\"><span style=\"color: #999999;\">Kurt Tucholsky<\/span><\/p>\n<p>&nbsp;<\/p>\n<p style=\"text-align: justify;\">Ein Essay darf abschweifen. Er kann eine eigene Erfahrung zum Ausgangspunkt f\u00fcr grunds\u00e4tzliche \u00dcberlegungen machen. Der Autor kann von seinen Erinnerungen erz\u00e4hlen. Essays k\u00f6nnen auf sich selbst und ihren Entstehungsprozess verweisen Seinem Umfang nach ist der Essay dabei so flexibel wie in der Themenwahl. Entscheidend ist, dass ein Essay sein eigener Anlass ist. Dies gilt auch f\u00fcr den Homme de lettres Joachim Paul, der sich bewu\u00dft mit seinen Essays zwischen die St\u00fchle setzt, weil er gegen den intellektuellen Mainstream b\u00fcrstet.<\/p>\n<p>&nbsp;<\/p>\n<p style=\"text-align: center;\">***<\/p>\n<p class=\"hide-if-no-js\"><a id=\"set-post-thumbnail\" class=\"thickbox\" href=\"http:\/\/www.editiondaslabor.de\/blog\/wp-admin\/media-upload.php?post_id=1072&amp;type=image&amp;TB_iframe=1\" aria-describedby=\"set-post-thumbnail-desc\"><img loading=\"lazy\" decoding=\"async\" class=\"attachment-266x266 size-266x266 alignleft\" src=\"http:\/\/www.editiondaslabor.de\/blog\/wp-content\/uploads\/2014\/12\/Paul1-200x300.jpg\" alt=\"\" width=\"177\" height=\"266\"\/><\/a><\/p>\n<p style=\"text-align: justify;\">Die Laudatio befindet sich <a href=\"http:\/\/www.vordenker.de\/hungertuch\/paul2011.htm\">hier<\/a>.<\/p>\n","protected":false},"excerpt":{"rendered":"<p>Versuche, einen Roman zu schreiben. Du vermagst es nicht? Dann versuch es mit einem Theaterst\u00fcck. Du kannst es nicht? Dann mach eine Aufstellung der B\u00f6rsenbaissen in New York. Versuch alles. Und wenn es gar nichts geworden ist, dann sag, es&hellip;<\/p>\n<p class=\"more-link-p\"><a class=\"more-link\" href=\"http:\/\/www.editiondaslabor.de\/blog\/2012\/02\/01\/portrat-des-hungertuchpreistragers-joachim-paul\/\">Read more &rarr;<\/a><\/p>\n","protected":false},"author":257,"featured_media":19551,"comment_status":"open","ping_status":"open","sticky":false,"template":"","format":"standard","meta":{"footnotes":""},"categories":[1],"tags":[86],"class_list":["post-1072","post","type-post","status-publish","format-standard","has-post-thumbnail","hentry","category-literatur","tag-joachim-paul"],"_links":{"self":[{"href":"http:\/\/www.editiondaslabor.de\/blog\/wp-json\/wp\/v2\/posts\/1072","targetHints":{"allow":["GET"]}}],"collection":[{"href":"http:\/\/www.editiondaslabor.de\/blog\/wp-json\/wp\/v2\/posts"}],"about":[{"href":"http:\/\/www.editiondaslabor.de\/blog\/wp-json\/wp\/v2\/types\/post"}],"author":[{"embeddable":true,"href":"http:\/\/www.editiondaslabor.de\/blog\/wp-json\/wp\/v2\/users\/257"}],"replies":[{"embeddable":true,"href":"http:\/\/www.editiondaslabor.de\/blog\/wp-json\/wp\/v2\/comments?post=1072"}],"version-history":[{"count":0,"href":"http:\/\/www.editiondaslabor.de\/blog\/wp-json\/wp\/v2\/posts\/1072\/revisions"}],"wp:featuredmedia":[{"embeddable":true,"href":"http:\/\/www.editiondaslabor.de\/blog\/wp-json\/"}],"wp:attachment":[{"href":"http:\/\/www.editiondaslabor.de\/blog\/wp-json\/wp\/v2\/media?parent=1072"}],"wp:term":[{"taxonomy":"category","embeddable":true,"href":"http:\/\/www.editiondaslabor.de\/blog\/wp-json\/wp\/v2\/categories?post=1072"},{"taxonomy":"post_tag","embeddable":true,"href":"http:\/\/www.editiondaslabor.de\/blog\/wp-json\/wp\/v2\/tags?post=1072"}],"curies":[{"name":"wp","href":"https:\/\/api.w.org\/{rel}","templated":true}]}}