{"id":106529,"date":"1999-08-13T00:02:49","date_gmt":"1999-08-12T22:02:49","guid":{"rendered":"http:\/\/www.editiondaslabor.de\/blog\/?p=106529"},"modified":"2025-01-01T07:11:41","modified_gmt":"2025-01-01T06:11:41","slug":"unter-neheims-bruecken-musste-gehn","status":"publish","type":"post","link":"http:\/\/www.editiondaslabor.de\/blog\/1999\/08\/13\/unter-neheims-bruecken-musste-gehn\/","title":{"rendered":"Unter Neheims Br\u00fccken musste geh&#8217;n"},"content":{"rendered":"<p style=\"text-align: right;\"><span style=\"color: #999999;\">\u201eWenn dat so weitergeht, penn&#8217;se eines Tages unter der Br\u00fccke!\u201c<\/span><\/p>\r\n\r\n<p style=\"text-align: justify;\">Eine Br\u00fccke ist nicht nur ein Bauwerk zur \u00dcberquerung von Hindernissen, es ist eine Metapher f\u00fcr Verst\u00e4ndigung. Die Veredelung von diesem \u00dcbereinkommen nennt man Kultur, dazu z\u00e4hlt auch das, was als Rhythm and Blues bezeichnet wird. Pop erm\u00f6glichte einst neue Gef\u00fchlsfarben zu entdecken und Anstrengungen sowie Gl\u00fccksmomente des H\u00f6rens zu erleben.<\/p>\r\n<p style=\"text-align: justify;\"> <\/p>\r\n<p style=\"text-align: justify;\">Seit dem Monterey Festival in <em>1967 <\/em>wird das <em>Kyrie eleison<\/em> auf <em>Open<\/em>\u2013<em>Air<\/em>-Konzerten zelebriert. In Neheim wurde nicht nur an diese Tradition angekn\u00fcpft, es zeigte sich, was gelingen kann, wenn gl\u00fcckliche Umst\u00e4nde zusammenwirken. Verantwortlich zeigte sich der Kulturverein Trafo und der K\u00fcnstler Martini, der seinen Zivildienst im Jugendzentrum absolvierte. W\u00e4hrend anderorts das Kulturamt solchen Initiativen Kn\u00fcppel zwischen die Beine wirft, zeigten sich die Mitarbeiter der Stadt sehr kooperativ, dies nicht nur im stutzen der wuchernden Natur, sondern auch beim Zulauf von Wasser und Strom.<\/p>\r\n<p style=\"text-align: justify;\"> <\/p>\r\n<p style=\"text-align: justify;\">Dieses zivilgesellschaftliches Engagement war nicht allein auf finanzielle Vorteile gerichtet, es war die pure Freude, die Mitglieder des Vorbereitungsteams dazu veranlasste, Konzerte im Umkreis von 100 Kilometern zu besuchen, um sich Bands anzusehen und anzuh\u00f6ren.<\/p>\r\n<p style=\"text-align: justify;\"> <\/p>\r\n<p style=\"text-align: justify;\">Die musikalische Bandbreite des Dargebotenen reichte auch am Zusammenfluss von M\u00f6hne und Ruhr von Ska \u00fcber Britpop, Rock \u2019n\u2018 Roll bis Punk. Die T\u00f6ne sind l\u00e4ngst mit dem Wind verflogen; auch eine lokale Legende lebt von den Geschichten, die lange danach erz\u00e4hlt werden.<\/p>\r\n&nbsp;\r\n<p style=\"text-align: center;\">***<\/p>\r\n<p style=\"text-align: justify;\"><img loading=\"lazy\" decoding=\"async\" class=\"size-medium wp-image-106530 alignleft\" src=\"http:\/\/www.editiondaslabor.de\/blog\/wp-content\/uploads\/2025\/01\/Bridge-300x211.jpeg\" alt=\"\" width=\"300\" height=\"211\" \/> <strong>Weiterf\u00fchrend\u00a0<\/strong><strong>\u2192<\/strong> Wir verorten auf KUNO die erste Punk-LP mit dem <a href=\"http:\/\/www.editiondaslabor.de\/blog\/2017\/03\/12\/das-bananenalbum\/\">Bananenalbum<\/a>. Oder war es doch eher der <a href=\"http:\/\/www.editiondaslabor.de\/blog\/2000\/02\/29\/garagenrock\/\">Garagenrock<\/a>? &#8211; L\u00e4sst sich davon der verschwitzte Proto-Punk der <a href=\"http:\/\/www.editiondaslabor.de\/blog\/2014\/07\/14\/drei-akkorde-fuer-ein-halleluja\/\">New Yorker Proll-Combo<\/a> ableiten? Oder hatte der testosterongesteuerte Punk gar eine <a href=\"http:\/\/www.editiondaslabor.de\/blog\/1989\/03\/09\/outside-the-society\/\">Ur-Mutter<\/a>? &#8211; Der Titeltrack des Albums ist der mit Abstand spektakul\u00e4rste und zeitloseste Titel des Albums. Bis heute ist <a href=\"http:\/\/www.editiondaslabor.de\/blog\/2007\/09\/30\/in-hells-kitchen\/\"><em>Blank Generation<\/em><\/a> der Song, der wohl gr\u00f6\u00dfer ist, als die Band, die ihn produziert hat. Waren die <a href=\"http:\/\/www.editiondaslabor.de\/blog\/2007\/10\/28\/trittbrettfahrer\/\">Pistols<\/a> die erste Boy-Group? Klingt die Trostlosigkeit des Rust Belt nach Punk oder <a href=\"http:\/\/www.editiondaslabor.de\/blog\/2009\/01\/29\/avant-garage\/\"><em>Industrial Folk<\/em><\/a>? Gegen <a href=\"http:\/\/www.editiondaslabor.de\/blog\/2022\/10\/31\/california-ueber-alles\/\">Fresh Fruit for Rotting Vegetables<\/a> h\u00f6rt sich alles andere wie Pop an. &#8211; Weitere ungel\u00f6ste Fragen: Die <a href=\"http:\/\/www.editiondaslabor.de\/blog\/2009\/02\/03\/punk-against-racism\/\"><em>The Ruts<\/em><\/a> stellen mit einem Album das Lebenswerk von The Clash? Wann h\u00f6rt der <a href=\"http:\/\/www.editiondaslabor.de\/blog\/1990\/05\/18\/substance\/\">Substance<\/a> von Punk auf? Wann beginnt der <a href=\"http:\/\/www.editiondaslabor.de\/blog\/1990\/01\/30\/minimal-pop\/\">Post-Punk<\/a>? Ist das bereits <a href=\"http:\/\/www.editiondaslabor.de\/blog\/2007\/12\/28\/10-years-after\/\">New Wave<\/a>? Oder stellt <a href=\"http:\/\/www.editiondaslabor.de\/blog\/2000\/10\/08\/tal-king-heads\/\">Polyrythmik<\/a> den H\u00f6hepunkt dar? <a href=\"http:\/\/www.editiondaslabor.de\/blog\/2014\/11\/02\/thrash-metal\/\">Thrash Metal<\/a> ist das Resulthat der Verschmelzung der Energie und Geschwindigkeit des Hardcore Punk mit den Techniken der New Wave of British <a href=\"http:\/\/www.editiondaslabor.de\/blog\/2012\/10\/19\/doro-pesch-die-godmother-of-hardrock\/\">Heavy Metal<\/a>. Die Alben von <a href=\"http:\/\/www.editiondaslabor.de\/blog\/2018\/06\/17\/und-hier-ist-es\/\">Wire<\/a> stellen in beeindruckender Weise dar, was aus Punk h\u00e4tte werden k\u00f6nnen.<\/p>\r\n","protected":false},"excerpt":{"rendered":"<p>\u201eWenn dat so weitergeht, penn&#8217;se eines Tages unter der Br\u00fccke!\u201c Eine Br\u00fccke ist nicht nur ein Bauwerk zur \u00dcberquerung von Hindernissen, es ist eine Metapher f\u00fcr Verst\u00e4ndigung. Die Veredelung von diesem \u00dcbereinkommen nennt man Kultur, dazu z\u00e4hlt auch das, was&hellip;<\/p>\n<p class=\"more-link-p\"><a class=\"more-link\" href=\"http:\/\/www.editiondaslabor.de\/blog\/1999\/08\/13\/unter-neheims-bruecken-musste-gehn\/\">Read more &rarr;<\/a><\/p>\n","protected":false},"author":254,"featured_media":106530,"comment_status":"closed","ping_status":"closed","sticky":false,"template":"","format":"standard","meta":{"footnotes":""},"categories":[1],"tags":[4006,1931,4455],"class_list":["post-106529","post","type-post","status-publish","format-standard","has-post-thumbnail","hentry","category-literatur","tag-johannes-schmidt","tag-martini","tag-raule"],"_links":{"self":[{"href":"http:\/\/www.editiondaslabor.de\/blog\/wp-json\/wp\/v2\/posts\/106529","targetHints":{"allow":["GET"]}}],"collection":[{"href":"http:\/\/www.editiondaslabor.de\/blog\/wp-json\/wp\/v2\/posts"}],"about":[{"href":"http:\/\/www.editiondaslabor.de\/blog\/wp-json\/wp\/v2\/types\/post"}],"author":[{"embeddable":true,"href":"http:\/\/www.editiondaslabor.de\/blog\/wp-json\/wp\/v2\/users\/254"}],"replies":[{"embeddable":true,"href":"http:\/\/www.editiondaslabor.de\/blog\/wp-json\/wp\/v2\/comments?post=106529"}],"version-history":[{"count":1,"href":"http:\/\/www.editiondaslabor.de\/blog\/wp-json\/wp\/v2\/posts\/106529\/revisions"}],"predecessor-version":[{"id":106531,"href":"http:\/\/www.editiondaslabor.de\/blog\/wp-json\/wp\/v2\/posts\/106529\/revisions\/106531"}],"wp:featuredmedia":[{"embeddable":true,"href":"http:\/\/www.editiondaslabor.de\/blog\/wp-json\/wp\/v2\/media\/106530"}],"wp:attachment":[{"href":"http:\/\/www.editiondaslabor.de\/blog\/wp-json\/wp\/v2\/media?parent=106529"}],"wp:term":[{"taxonomy":"category","embeddable":true,"href":"http:\/\/www.editiondaslabor.de\/blog\/wp-json\/wp\/v2\/categories?post=106529"},{"taxonomy":"post_tag","embeddable":true,"href":"http:\/\/www.editiondaslabor.de\/blog\/wp-json\/wp\/v2\/tags?post=106529"}],"curies":[{"name":"wp","href":"https:\/\/api.w.org\/{rel}","templated":true}]}}