{"id":106456,"date":"2024-11-28T00:01:59","date_gmt":"2024-11-27T23:01:59","guid":{"rendered":"http:\/\/www.editiondaslabor.de\/blog\/?p=106456"},"modified":"2024-10-24T14:08:54","modified_gmt":"2024-10-24T12:08:54","slug":"der-serbische-olymp-oder-der-schlecht-ermordete-detektiv","status":"publish","type":"post","link":"http:\/\/www.editiondaslabor.de\/blog\/2024\/11\/28\/der-serbische-olymp-oder-der-schlecht-ermordete-detektiv\/","title":{"rendered":"Der serbische Olymp oder der schlecht ermordete Detektiv"},"content":{"rendered":"<p>&nbsp;<\/p>\n<p>kerze sch\u00e4mt sich auf dem alpenkamm<\/p>\n<p>herzen brechen gong kanal und lamm<\/p>\n<p>platon holt noch mit dem kirchturm aus<\/p>\n<p>blatt und ei und regen singen rund<\/p>\n<p>fastenfauna gl\u00e4nzt im toten fisch<\/p>\n<p>dotterblau bestirnt der glast die laus<\/p>\n<p>b\u00e4rtig wachsen psalmen in den mund<\/p>\n<p>und die loreley h\u00e4lt stundentisch<\/p>\n<p>glastramway ist meteor und handschuh<\/p>\n<p>f\u00fcr verliebte welche im juli die<\/p>\n<p>ressentiments und andere monopolbarometeraffekte<\/p>\n<p>als saldovortrag zu seinen gunsten buchen<\/p>\n<p>&nbsp;<\/p>\n<p>&nbsp;<\/p>\n<p style=\"text-align: center;\">***<\/p>\n<p style=\"text-align: justify;\">Bewundert als \u201eBruder der Sphinx\u201c und als \u201eNihilist der Menschenliebe\u201c, hat Walter Serner, der DADA-Bewegung eine ungeheure Dynamik beschert. 1919 verfasste er das wichtigste \u201emanifest dada\u201c, das anarchistische Glaubensbekenntnis <a href=\"http:\/\/www.editiondaslabor.de\/blog\/2009\/01\/15\/letzte-lockerung\/\">Letzte Lockerung<\/a>\u201c, und inszenierte \u201edie letzte und gr\u00f6\u00dfte aller Dada-Shows\u201c in Z\u00fcrich, wo man ihn im April 1919 von der B\u00fchne jagte. In seinen aktivistischen Jahren hatte Serner gemeinsam mit seinen Weggef\u00e4hrten Hans Arp und Tristan Tzara sogenannte \u201eSimultangedichte\u201c verfasst, die sich am \u201eautomatischen Schreiben\u201c der Surrealisten orientierten.<\/p>\n<p style=\"text-align: justify;\">Das k\u00fcrzlich erschienene Heft 58 der Reihe Versensporn versammelt s\u00e4mtliche bisher aufgefundenen Gedichte von Walter Serner. Dieses Gedicht ist ein Gemeinschaftswerk mit Hans Arp und Tristan Tzara (das Trio als &#8222;anonyme Gesellschaft zur Ausbeutung des dadaistischen Vokabulars&#8220;).<\/p>\n<div><strong><img loading=\"lazy\" decoding=\"async\" class=\"size-medium wp-image-106457 alignleft\" src=\"http:\/\/www.editiondaslabor.de\/blog\/wp-content\/uploads\/2024\/10\/Serner_Cover-170x300.gif\" alt=\"\" width=\"170\" height=\"300\" \/>Weiterf\u00fchrend <\/strong><strong>\u2192<\/strong> Die Redaktion blieb seit 1989 zum lyrischen Mainstream stets in <em><a href=\"http:\/\/www.editiondaslabor.de\/blog\/1989\/01\/05\/lyrik-als-seismograph-an-der-epochenschwelle\/\">\u00c4quidistanz<\/a><\/em>.<\/div>\n<div>\n<p><strong>\u2192<\/strong> 1995 betrachteten wir die Lyrik vor dem Hintergrund der Mediengeschichte als <a href=\"http:\/\/www.editiondaslabor.de\/blog\/1995\/01\/02\/laboratorium-der-poesie\/\"><em>Laboratorium der Poesie<\/em><\/a><\/p>\n<p>\u2192 2005 vertieften wir die Medienbetrachtung mit dem Schwerpunkt <a href=\"http:\/\/www.editiondaslabor.de\/blog\/2005\/01\/02\/transmediale-poesie\/\"><em>Transmediale Poesie<\/em><\/a><\/p>\n<p>\u2192 2015 fragen wir uns in der <a href=\"http:\/\/www.editiondaslabor.de\/blog\/2015\/01\/02\/poetologische-positionsbestimmung\/\"><em>Minima poetica<\/em><\/a> wie man mit Elementarteilchen die Gattung Lyrik neu zusammensetzt.<\/p>\n<p>\u2192 2023 finden Sie \u00fcber dieses Online-Magazin eine Betrachtung als <a href=\"http:\/\/www.editiondaslabor.de\/blog\/?p=78067\">eine Anthologie im Ganzen<\/a>.<\/p>\n<p>\u2192 Lyrik lotet das Verh\u00e4ltnis zwischen dem Fremden und dem Eigenen aus. Ein Wort steht nie f\u00fcr sich allein, durch eine <a href=\"http:\/\/www.editiondaslabor.de\/blog\/2024\/01\/01\/ein-leben-ohne-poesie-waere-moeglich-jedoch-sinnlos\/\">vielperspektivische Sicht<\/a> werden immer auch andere Begriffe einbezogen.<\/p>\n<\/div>\n","protected":false},"excerpt":{"rendered":"<p>&nbsp; kerze sch\u00e4mt sich auf dem alpenkamm herzen brechen gong kanal und lamm platon holt noch mit dem kirchturm aus blatt und ei und regen singen rund fastenfauna gl\u00e4nzt im toten fisch dotterblau bestirnt der glast die laus b\u00e4rtig wachsen&hellip;<\/p>\n<p class=\"more-link-p\"><a class=\"more-link\" href=\"http:\/\/www.editiondaslabor.de\/blog\/2024\/11\/28\/der-serbische-olymp-oder-der-schlecht-ermordete-detektiv\/\">Read more &rarr;<\/a><\/p>\n","protected":false},"author":75,"featured_media":106457,"comment_status":"closed","ping_status":"closed","sticky":false,"template":"","format":"standard","meta":{"footnotes":""},"categories":[1],"tags":[3129,1087],"class_list":["post-106456","post","type-post","status-publish","format-standard","has-post-thumbnail","hentry","category-literatur","tag-tristan-tzara","tag-walter-serner"],"_links":{"self":[{"href":"http:\/\/www.editiondaslabor.de\/blog\/wp-json\/wp\/v2\/posts\/106456","targetHints":{"allow":["GET"]}}],"collection":[{"href":"http:\/\/www.editiondaslabor.de\/blog\/wp-json\/wp\/v2\/posts"}],"about":[{"href":"http:\/\/www.editiondaslabor.de\/blog\/wp-json\/wp\/v2\/types\/post"}],"author":[{"embeddable":true,"href":"http:\/\/www.editiondaslabor.de\/blog\/wp-json\/wp\/v2\/users\/75"}],"replies":[{"embeddable":true,"href":"http:\/\/www.editiondaslabor.de\/blog\/wp-json\/wp\/v2\/comments?post=106456"}],"version-history":[{"count":4,"href":"http:\/\/www.editiondaslabor.de\/blog\/wp-json\/wp\/v2\/posts\/106456\/revisions"}],"predecessor-version":[{"id":106461,"href":"http:\/\/www.editiondaslabor.de\/blog\/wp-json\/wp\/v2\/posts\/106456\/revisions\/106461"}],"wp:featuredmedia":[{"embeddable":true,"href":"http:\/\/www.editiondaslabor.de\/blog\/wp-json\/wp\/v2\/media\/106457"}],"wp:attachment":[{"href":"http:\/\/www.editiondaslabor.de\/blog\/wp-json\/wp\/v2\/media?parent=106456"}],"wp:term":[{"taxonomy":"category","embeddable":true,"href":"http:\/\/www.editiondaslabor.de\/blog\/wp-json\/wp\/v2\/categories?post=106456"},{"taxonomy":"post_tag","embeddable":true,"href":"http:\/\/www.editiondaslabor.de\/blog\/wp-json\/wp\/v2\/tags?post=106456"}],"curies":[{"name":"wp","href":"https:\/\/api.w.org\/{rel}","templated":true}]}}