{"id":106362,"date":"2011-11-01T00:22:38","date_gmt":"2011-10-31T23:22:38","guid":{"rendered":"http:\/\/www.editiondaslabor.de\/blog\/?p=106362"},"modified":"2024-09-23T18:31:11","modified_gmt":"2024-09-23T16:31:11","slug":"arbeit-und-leben-im-rheintor","status":"publish","type":"post","link":"http:\/\/www.editiondaslabor.de\/blog\/2011\/11\/01\/arbeit-und-leben-im-rheintor\/","title":{"rendered":"Arbeit und Leben im Rheintor"},"content":{"rendered":"<p>&nbsp;<\/p>\n<div id=\"attachment_106366\" style=\"width: 532px\" class=\"wp-caption aligncenter\"><img loading=\"lazy\" decoding=\"async\" aria-describedby=\"caption-attachment-106366\" class=\"wp-image-106366 size-full\" src=\"http:\/\/www.editiondaslabor.de\/blog\/wp-content\/uploads\/2011\/11\/Hofer-Kopie.jpg\" alt=\"\" width=\"522\" height=\"786\" srcset=\"http:\/\/www.editiondaslabor.de\/blog\/wp-content\/uploads\/2011\/11\/Hofer-Kopie.jpg 522w, http:\/\/www.editiondaslabor.de\/blog\/wp-content\/uploads\/2011\/11\/Hofer-Kopie-199x300.jpg 199w, http:\/\/www.editiondaslabor.de\/blog\/wp-content\/uploads\/2011\/11\/Hofer-Kopie-332x500.jpg 332w, http:\/\/www.editiondaslabor.de\/blog\/wp-content\/uploads\/2011\/11\/Hofer-Kopie-160x241.jpg 160w\" sizes=\"auto, (max-width: 522px) 100vw, 522px\" \/><p id=\"caption-attachment-106366\" class=\"wp-caption-text\">Der K\u00fcnstler und Graphiker Bernhard Hofer widmete sich der konstruktivistischen Malerei und Grafik. Sein Atelier befand sich im historischen Rheintor, wo er bis zu seinem Tode mit seiner Frau Gabi Hofer ein erf\u00fclltes Leben f\u00fchrte.<\/p><\/div>\n<p>&nbsp;<\/p>\n<p style=\"text-align: justify;\">\u201eDas Werk von Bernhard Hofer wird haupts\u00e4chlich von zwei Techniken getragen: der Zeichnung in Tusche beziehungsweise Bleistift sowie der \u00d6lmalerei. Es wird \u00fcberwiegend von der graphischen Auseinandersetzung mit dem r\u00e4umlichen Ph\u00e4nomen beherrscht. Kleine, fl\u00fcchtige Skizzen tragen bereits den Keim des Genius in sich, der sich in den markanten Zeichnungen in Tusche und Bleistift in einer klaren und pr\u00e4zisen Ausdrucksform entfaltet. Ohne ihren autonomen Status einschr\u00e4nken zu m\u00fcssen, liegen sie oftmals den sp\u00e4teren Werken der \u00d6lmalerei zugrunde und charakterisieren diese in ihrer Neuheit und Einzigartigkeit.<\/p>\n<p style=\"text-align: justify;\">\u2026<\/p>\n<p style=\"text-align: justify;\">Das Werk, das er uns hinterlassen hat, ist die Vision und der planvolle Entwurf zu einem gr\u00f6\u00dferen Werk, das ihm zu generieren nicht mehr erlaubt war, an dessen Genius und Geheimnis wir aber \u00fcber sein Lebenswerk hinaus teilhaben k\u00f6nnen.\u201c<\/p>\n<p style=\"text-align: right;\">Prof. Dr. Christian L. Krause, Aachen<\/p>\n<p>&nbsp;<\/p>\n<p>&nbsp;<\/p>\n<p style=\"text-align: center;\">***<\/p>\n<p style=\"text-align: justify;\"><strong>Rheintor, Linz \u2013 Anno Domini 2011<\/strong>, Edition Das Labor 2011. \u2013 Limitierte und handsignierte Auflage von 100 Exemplaren. \u2013 Dem Exemplar 1 \u2013 50 liegt ein Holzschnitt von Haimo Hieronymus bei.<\/p>\n<p style=\"text-align: justify;\"><strong>Weiterf\u00fchrend <\/strong><strong>\u2192<\/strong> Bei KUNO pr\u00e4sentieren wir Essays \u00fcber den Zwischenraum von Denken und Dichten, wobei das Denken von der Sprache kaum zu l\u00f6sen ist. Einen Essay zur Rheintorreihe finden Sie <a href=\"http:\/\/www.editiondaslabor.de\/blog\/2011\/12\/10\/rheintor-revisited\/\">hier<\/a>.<\/p>\n<p style=\"text-align: justify;\"><strong>\u2192<\/strong> Lesen Sie auch KUNOs <a href=\"http:\/\/www.editiondaslabor.de\/blog\/2013\/12\/10\/zur-gattung-essay\/\">Hommage<\/a> an die Gattung des Essays.<\/p>\n","protected":false},"excerpt":{"rendered":"<p>&nbsp; &nbsp; \u201eDas Werk von Bernhard Hofer wird haupts\u00e4chlich von zwei Techniken getragen: der Zeichnung in Tusche beziehungsweise Bleistift sowie der \u00d6lmalerei. Es wird \u00fcberwiegend von der graphischen Auseinandersetzung mit dem r\u00e4umlichen Ph\u00e4nomen beherrscht. Kleine, fl\u00fcchtige Skizzen tragen bereits den&hellip;<\/p>\n<p class=\"more-link-p\"><a class=\"more-link\" href=\"http:\/\/www.editiondaslabor.de\/blog\/2011\/11\/01\/arbeit-und-leben-im-rheintor\/\">Read more &rarr;<\/a><\/p>\n","protected":false},"author":2,"featured_media":106363,"comment_status":"closed","ping_status":"closed","sticky":false,"template":"","format":"standard","meta":{"footnotes":""},"categories":[1],"tags":[1927,4397],"class_list":["post-106362","post","type-post","status-publish","format-standard","has-post-thumbnail","hentry","category-literatur","tag-bernhard-hofer","tag-rheintor"],"_links":{"self":[{"href":"http:\/\/www.editiondaslabor.de\/blog\/wp-json\/wp\/v2\/posts\/106362","targetHints":{"allow":["GET"]}}],"collection":[{"href":"http:\/\/www.editiondaslabor.de\/blog\/wp-json\/wp\/v2\/posts"}],"about":[{"href":"http:\/\/www.editiondaslabor.de\/blog\/wp-json\/wp\/v2\/types\/post"}],"author":[{"embeddable":true,"href":"http:\/\/www.editiondaslabor.de\/blog\/wp-json\/wp\/v2\/users\/2"}],"replies":[{"embeddable":true,"href":"http:\/\/www.editiondaslabor.de\/blog\/wp-json\/wp\/v2\/comments?post=106362"}],"version-history":[{"count":5,"href":"http:\/\/www.editiondaslabor.de\/blog\/wp-json\/wp\/v2\/posts\/106362\/revisions"}],"predecessor-version":[{"id":106378,"href":"http:\/\/www.editiondaslabor.de\/blog\/wp-json\/wp\/v2\/posts\/106362\/revisions\/106378"}],"wp:featuredmedia":[{"embeddable":true,"href":"http:\/\/www.editiondaslabor.de\/blog\/wp-json\/wp\/v2\/media\/106363"}],"wp:attachment":[{"href":"http:\/\/www.editiondaslabor.de\/blog\/wp-json\/wp\/v2\/media?parent=106362"}],"wp:term":[{"taxonomy":"category","embeddable":true,"href":"http:\/\/www.editiondaslabor.de\/blog\/wp-json\/wp\/v2\/categories?post=106362"},{"taxonomy":"post_tag","embeddable":true,"href":"http:\/\/www.editiondaslabor.de\/blog\/wp-json\/wp\/v2\/tags?post=106362"}],"curies":[{"name":"wp","href":"https:\/\/api.w.org\/{rel}","templated":true}]}}