{"id":105796,"date":"2004-12-06T00:53:50","date_gmt":"2004-12-05T23:53:50","guid":{"rendered":"http:\/\/www.editiondaslabor.de\/blog\/?p=105796"},"modified":"2024-07-23T14:00:48","modified_gmt":"2024-07-23T12:00:48","slug":"der-kobold","status":"publish","type":"post","link":"http:\/\/www.editiondaslabor.de\/blog\/2004\/12\/06\/der-kobold\/","title":{"rendered":"Der Kobold"},"content":{"rendered":"<p>&nbsp;<\/p>\n<p style=\"text-align: justify;\">Das Werk der Isl\u00e4nderin l\u00e4sst sich als <em>Gesamtkunstwerk<\/em> betrachten, eine Collage, in der verschiedene K\u00fcnste wie Musik, Dichtung, Tanz, Pantomime und Malerei vereint sind; jene K\u00fcnste, die man einst die sch\u00f6nen nannte. Dabei ist die Zusammenstellung bei Bj\u00f6rk nicht beliebig und illustrativ: die Bestandteile erg\u00e4nzen sich fast organisch.<\/p>\n<p style=\"text-align: justify;\">Man kann die Karriere von Bj\u00f6rk als Stationendrama erz\u00e4hlen, bei der alle Ver\u00f6ffentlichungen brav abgeklappert werden und selbst obskure Nebenwerke wie das Jazz-Album <em>Gling-Gl\u00f3<\/em> nicht unerw\u00e4hnt bleiben, um die beachtliche Spannbreite der K\u00fcnstlerin abzudecken und sich als Auskenner erkennen zu gaben. Man kann sich aber auch auf ein Album konzentrieren, dass alle bisherigen zusammenfasst und alle zuk\u00fcnftigen vorwegnimmt.<\/p>\n<p style=\"text-align: justify;\">Ein solches Album ist &#8222;Medulla&#8220; ein A capella-Album aus dem Jahr 2004. Zur Seite stehen Frau Gu\u00f0mundsd\u00f3ttir diverse Vokal-Artisten wie Rahzel, die &#8218;human beatbox&#8216; von The Roots, die Kopfstimmenspezialistin Tanya Tagaq oder der fr\u00fchere Faith No More-Frontman Mike Patton und &#8222;Submarine&#8220; ist ein Duett mit Robert Wyatt. Dieses Album ist das Ergebnis konzentrierter Bem\u00fchungen im Gebiet der Kehlkopfakrobatik, dazugesellt haben sich Besten und Kl\u00fcgsten, die Bj\u00f6rk zusammenbringen konnte, im Geiste ihres Paten Miles Davis verr\u00e4t dieses Album ihr Talent, das Talent anderer Artisten optimal zu nutzen.<\/p>\n<p style=\"text-align: justify;\">In ihrer kulturellen Rolle als K\u00fcnstlerin, sieht sich der isl\u00e4ndische Kobold als \u00a0spirituelle Alchemistin und Vermittlerin von interessanten musikalischen Konzepte. Es ist eine Collage aus Seufzern, Fl\u00fcstern und Schreien, zuweilen eine Collage aus Seufzern, Fl\u00fcstern und Schreien. Zerschnittene Beats treffen auf klagenden Chorstimmen. Maschinengewehrpr\u00e4zise perkussive Schl\u00e4ge, treffen zuweilen hart auf das Trommelfell. &#8222;Medulla&#8220; ist eine Erkundung des Stimmger\u00e4ts und Anstrengung, die man sich zumuten muss, daf\u00fcr wird man jedoch belohnt mit der menschlichen Stimme als gr\u00f6\u00dften Spezialeffekt, den nicht nur Bj\u00f6rk zu bieten hat.<\/p>\n<p>&nbsp;<\/p>\n<p>&nbsp;<\/p>\n<p style=\"text-align: center;\">***<\/p>\n<p><strong>Medulla<\/strong>, Bj\u00f6rk, 2004<\/p>\n<p style=\"text-align: justify;\"><strong><img loading=\"lazy\" decoding=\"async\" class=\"size-medium wp-image-105797 alignleft\" src=\"http:\/\/www.editiondaslabor.de\/blog\/wp-content\/uploads\/2024\/07\/Medulla-300x255.jpg\" alt=\"\" width=\"300\" height=\"255\" \/>Weiterf\u00fchrend\u00a0<\/strong><strong>\u2192<\/strong><strong>\u00a0<\/strong>Seit 1991 die Lieblingsband der Redaktion: <span style=\"color: #ff0000;\"><a style=\"color: #ff0000;\" href=\"http:\/\/www.editiondaslabor.de\/blog\/1991\/11\/30\/mona-lisa-overdrive\/\">Mona Lisa Overdrive<\/a><\/span>. Mit etwas Versp\u00e4tung erschien Pia Lunds zweites Solo-Album <em><a href=\"http:\/\/www.editiondaslabor.de\/blog\/2016\/10\/21\/ein-geschenk-von-pia-lund\/\"><span style=\"color: #ff0000;\">Gift<\/span><\/a>. <\/em>Eine Wiederver\u00f6ffentlichung der <a href=\"http:\/\/www.editiondaslabor.de\/blog\/2008\/03\/21\/das-herz-des-motorik-beats\/\"><em><span style=\"color: #ff0000;\">Neu!<\/span><\/em><span style=\"color: #ff0000;\">-Studioalben<\/span><\/a> ist auf dem Label Gr\u00f6nland erschienen. in 1999 ging KUNO der Frage <a href=\"http:\/\/www.editiondaslabor.de\/blog\/1999\/01\/01\/label-oder-available\/\"><span style=\"color: #ff0000;\">Label oder available?<\/span><\/a> nach. Erweiternd zum Medium der <em>Compact Disc<\/em> auch das Vertellst\u00fccksker: <a href=\"http:\/\/www.editiondaslabor.de\/blog\/2022\/10\/01\/die-erde-ist-keine-scheibe\/\"><span style=\"color: #ff0000;\">Die Erde ist keine Scheibe<\/span><\/a>.<\/p>\n","protected":false},"excerpt":{"rendered":"<p>&nbsp; Das Werk der Isl\u00e4nderin l\u00e4sst sich als Gesamtkunstwerk betrachten, eine Collage, in der verschiedene K\u00fcnste wie Musik, Dichtung, Tanz, Pantomime und Malerei vereint sind; jene K\u00fcnste, die man einst die sch\u00f6nen nannte. Dabei ist die Zusammenstellung bei Bj\u00f6rk nicht&hellip;<\/p>\n<p class=\"more-link-p\"><a class=\"more-link\" href=\"http:\/\/www.editiondaslabor.de\/blog\/2004\/12\/06\/der-kobold\/\">Read more &rarr;<\/a><\/p>\n","protected":false},"author":254,"featured_media":105797,"comment_status":"closed","ping_status":"closed","sticky":false,"template":"","format":"standard","meta":{"footnotes":""},"categories":[1],"tags":[4006,4058,4056,4059,4057],"class_list":["post-105796","post","type-post","status-publish","format-standard","has-post-thumbnail","hentry","category-literatur","tag-johannes-schmidt","tag-mike-patton","tag-rahzel","tag-robert-wyatt","tag-tanya-tagaq"],"_links":{"self":[{"href":"http:\/\/www.editiondaslabor.de\/blog\/wp-json\/wp\/v2\/posts\/105796","targetHints":{"allow":["GET"]}}],"collection":[{"href":"http:\/\/www.editiondaslabor.de\/blog\/wp-json\/wp\/v2\/posts"}],"about":[{"href":"http:\/\/www.editiondaslabor.de\/blog\/wp-json\/wp\/v2\/types\/post"}],"author":[{"embeddable":true,"href":"http:\/\/www.editiondaslabor.de\/blog\/wp-json\/wp\/v2\/users\/254"}],"replies":[{"embeddable":true,"href":"http:\/\/www.editiondaslabor.de\/blog\/wp-json\/wp\/v2\/comments?post=105796"}],"version-history":[{"count":1,"href":"http:\/\/www.editiondaslabor.de\/blog\/wp-json\/wp\/v2\/posts\/105796\/revisions"}],"predecessor-version":[{"id":105798,"href":"http:\/\/www.editiondaslabor.de\/blog\/wp-json\/wp\/v2\/posts\/105796\/revisions\/105798"}],"wp:featuredmedia":[{"embeddable":true,"href":"http:\/\/www.editiondaslabor.de\/blog\/wp-json\/wp\/v2\/media\/105797"}],"wp:attachment":[{"href":"http:\/\/www.editiondaslabor.de\/blog\/wp-json\/wp\/v2\/media?parent=105796"}],"wp:term":[{"taxonomy":"category","embeddable":true,"href":"http:\/\/www.editiondaslabor.de\/blog\/wp-json\/wp\/v2\/categories?post=105796"},{"taxonomy":"post_tag","embeddable":true,"href":"http:\/\/www.editiondaslabor.de\/blog\/wp-json\/wp\/v2\/tags?post=105796"}],"curies":[{"name":"wp","href":"https:\/\/api.w.org\/{rel}","templated":true}]}}