{"id":10566,"date":"2013-03-29T00:56:11","date_gmt":"2013-03-28T23:56:11","guid":{"rendered":"http:\/\/www.editiondaslabor.de\/blog\/?p=10566"},"modified":"2019-12-08T13:31:25","modified_gmt":"2019-12-08T12:31:25","slug":"eines-tages-ende","status":"publish","type":"post","link":"http:\/\/www.editiondaslabor.de\/blog\/2013\/03\/29\/eines-tages-ende\/","title":{"rendered":"eines tages ende"},"content":{"rendered":"<p>&nbsp;<\/p>\n<p>die tage sind so elend zugestellt<\/p>\n<p>mit abwasch ungeputzten schuhn<\/p>\n<p>la\u00df abend werden; morgen<\/p>\n<p>wird es von allein<\/p>\n<p>la\u00df die nacht auf fliederfl\u00fcgeln<\/p>\n<p>k\u00fchl durch alle fenster wehen<\/p>\n<p>der tag zieht weiter und davon<\/p>\n<p>anderswo vielleicht ersehnt<\/p>\n<p>im kr\u00e4henfedermantel kommt die nacht mit rascheln<\/p>\n<p>und steckt in ihre gro\u00dfen taschen alles:<\/p>\n<p>das prangen goldener \u00e4pfel im eisernen baum<\/p>\n<p>den gestank von zuviel adrenalin<\/p>\n<p>das bitterliche heimweglange weinen eines schulkinds<\/p>\n<p>und ganz zuletzt zieht sie<\/p>\n<p>ihren mantel \u00fcber dich; zittere nicht zu sehr<\/p>\n<p>wenn sie ihn \u00fcber dir zusammenschl\u00e4gt<\/p>\n<p>sinke nur sinke<\/p>\n<p>der morgen ist ein mattes licht<\/p>\n<p>ein schimmer auf den pferdekruppen<\/p>\n<p>&nbsp;<\/p>\n<p style=\"text-align: center;\">***<\/p>\n<p><a href=\"http:\/\/www.editiondaslabor.de\/blog\/wp-content\/uploads\/2013\/03\/Lose-wolken-internet1.jpg\"><img loading=\"lazy\" decoding=\"async\" class=\"alignleft size-medium wp-image-10718\" title=\"Lose wolken internet\" src=\"http:\/\/www.editiondaslabor.de\/blog\/wp-content\/uploads\/2013\/03\/Lose-wolken-internet1-211x300.jpg\" alt=\"\" width=\"211\" height=\"300\" srcset=\"http:\/\/www.editiondaslabor.de\/blog\/wp-content\/uploads\/2013\/03\/Lose-wolken-internet1-211x300.jpg 211w, http:\/\/www.editiondaslabor.de\/blog\/wp-content\/uploads\/2013\/03\/Lose-wolken-internet1-722x1024.jpg 722w, http:\/\/www.editiondaslabor.de\/blog\/wp-content\/uploads\/2013\/03\/Lose-wolken-internet1.jpg 840w\" sizes=\"auto, (max-width: 211px) 100vw, 211px\" \/><\/a>Anmerkung der Redaktion: Lesen Sie auch Christine Kappes <a href=\"http:\/\/www.editiondaslabor.de\/blog\/?p=9592\">Rezension<\/a> von <strong>Lose Wolken<\/strong>, Gedichte.<\/p>\n","protected":false},"excerpt":{"rendered":"<p>&nbsp; die tage sind so elend zugestellt mit abwasch ungeputzten schuhn la\u00df abend werden; morgen wird es von allein la\u00df die nacht auf fliederfl\u00fcgeln k\u00fchl durch alle fenster wehen der tag zieht weiter und davon anderswo vielleicht ersehnt im kr\u00e4henfedermantel&hellip;<\/p>\n<p class=\"more-link-p\"><a class=\"more-link\" href=\"http:\/\/www.editiondaslabor.de\/blog\/2013\/03\/29\/eines-tages-ende\/\">Read more &rarr;<\/a><\/p>\n","protected":false},"author":58,"featured_media":0,"comment_status":"open","ping_status":"open","sticky":false,"template":"","format":"standard","meta":{"footnotes":""},"categories":[1],"tags":[722],"class_list":["post-10566","post","type-post","status-publish","format-standard","hentry","category-literatur","tag-caroline-hartge"],"_links":{"self":[{"href":"http:\/\/www.editiondaslabor.de\/blog\/wp-json\/wp\/v2\/posts\/10566","targetHints":{"allow":["GET"]}}],"collection":[{"href":"http:\/\/www.editiondaslabor.de\/blog\/wp-json\/wp\/v2\/posts"}],"about":[{"href":"http:\/\/www.editiondaslabor.de\/blog\/wp-json\/wp\/v2\/types\/post"}],"author":[{"embeddable":true,"href":"http:\/\/www.editiondaslabor.de\/blog\/wp-json\/wp\/v2\/users\/58"}],"replies":[{"embeddable":true,"href":"http:\/\/www.editiondaslabor.de\/blog\/wp-json\/wp\/v2\/comments?post=10566"}],"version-history":[{"count":0,"href":"http:\/\/www.editiondaslabor.de\/blog\/wp-json\/wp\/v2\/posts\/10566\/revisions"}],"wp:attachment":[{"href":"http:\/\/www.editiondaslabor.de\/blog\/wp-json\/wp\/v2\/media?parent=10566"}],"wp:term":[{"taxonomy":"category","embeddable":true,"href":"http:\/\/www.editiondaslabor.de\/blog\/wp-json\/wp\/v2\/categories?post=10566"},{"taxonomy":"post_tag","embeddable":true,"href":"http:\/\/www.editiondaslabor.de\/blog\/wp-json\/wp\/v2\/tags?post=10566"}],"curies":[{"name":"wp","href":"https:\/\/api.w.org\/{rel}","templated":true}]}}