{"id":105501,"date":"2009-03-26T14:21:11","date_gmt":"2009-03-26T13:21:11","guid":{"rendered":"http:\/\/www.editiondaslabor.de\/blog\/?p=105501"},"modified":"2024-05-01T14:42:00","modified_gmt":"2024-05-01T12:42:00","slug":"das-mysterium-der-sprachlosigkeit","status":"publish","type":"post","link":"http:\/\/www.editiondaslabor.de\/blog\/2009\/03\/26\/das-mysterium-der-sprachlosigkeit\/","title":{"rendered":"Das Mysterium der Sprachlosigkeit"},"content":{"rendered":"<p>&nbsp;<\/p>\n<p style=\"text-align: justify;\">Die Bibliomanen f\u00fchren ein zurechtger\u00fccktes Leben. Sie haben die Schule der Beflissenheit vor Jahrzehnten verlassen und kein Interesse mehr daran, aufgeweckt und gewitzt zu wirken. Obzwar sie inzwischen weltweit in Lichtgeschwindigkeit verst\u00e4ndigen k\u00f6nnen, leiden sie unter dem Unverm\u00f6gen, sich mitzuteilen und die eigenen Empfindungen in Worte zu fassen. Wahrscheinlich kann es nur mit R\u00fcckzug und Besinnung gelingen neue Deutungsspielr\u00e4ume zu \u00f6ffnen und tiefer ins Textgel\u00e4nde einzudringen.<\/p>\n<p>&nbsp;<\/p>\n<p>&nbsp;<\/p>\n<p>&nbsp;<\/p>\n<p style=\"text-align: center;\">***<\/p>\n<p style=\"text-align: justify;\"><strong>Mikrogramme<\/strong> von A.J. Weigoni, KUNO 2006 &#8211; 2011<\/p>\n<div id=\"attachment_102377\" style=\"width: 222px\" class=\"wp-caption alignleft\"><img loading=\"lazy\" decoding=\"async\" aria-describedby=\"caption-attachment-102377\" class=\"wp-image-102377 size-full\" src=\"http:\/\/www.editiondaslabor.de\/blog\/wp-content\/uploads\/2022\/03\/AJWeigoni-e1648379021441.jpeg\" alt=\"\" width=\"212\" height=\"300\" \/><p id=\"caption-attachment-102377\" class=\"wp-caption-text\">A.J. Weigoni, portr\u00e4tiert von Anja Roth<\/p><\/div>\n<p style=\"text-align: justify;\">Diese Bruchst\u00fccke aus der Realit\u00e4t sind verwandt mit den Miszellen (von lateinisch miscella \u00b4Gemischtes`), dies ist eine Bezeichnung f\u00fcr eine Rubrik, unter der K\u00fcrzesttexte variierenden literarischen Inhalts ver\u00f6ffentlicht werden. Die <em>Bagatellen<\/em> sind der Versuch, Miniaturen gleichrangig nebeneinander aufzureihen, ein dichtes Gewebe, das seine poetische Qualit\u00e4ten erst durch die Lekt\u00fcre gewinnt.<\/p>\n<p style=\"text-align: justify;\"><a href=\"http:\/\/www.editiondaslabor.de\/blog\/2009\/03\/21\/twitteratur\/\"><em>Twitteratur<\/em><\/a> ist eine Poesie, die man von den japanischen Haiku kennt. Als Beitrag von A.J. Weigoni finden wir auf KUNO im Lauf der Zeit <em>Mikrogramme<\/em>, die ein feines, manchmal auch weitmaschiges Netz von Relais durchzieht: Schnittstellen, an denen zwischen Gegenst\u00e4nden, Wahrnehmungsperspektiven, zwischen R\u00e4umen und Zeiten hin und her gewuselt wird, und gleichzeitig zwischen verschiedenen Distanzen zum Beschriebenen.<\/p>\n<p style=\"text-align: justify;\"><strong>Weiterf\u00fchrend\u00a0\u2192 <\/strong>ein Essay \u00fcber die neue Literaturgattung <a href=\"http:\/\/www.editiondaslabor.de\/blog\/2023\/03\/06\/twitteratur-die-kunst-der-verkuerzung\/\"><em>Twitteratur<\/em><\/a>, sowie ein <a href=\"http:\/\/www.editiondaslabor.de\/blog\/2019\/09\/06\/recap-hungertuchpreis\/\">Recap<\/a> des Hungertuchpreises.<\/p>\n","protected":false},"excerpt":{"rendered":"<p>&nbsp; Die Bibliomanen f\u00fchren ein zurechtger\u00fccktes Leben. Sie haben die Schule der Beflissenheit vor Jahrzehnten verlassen und kein Interesse mehr daran, aufgeweckt und gewitzt zu wirken. Obzwar sie inzwischen weltweit in Lichtgeschwindigkeit verst\u00e4ndigen k\u00f6nnen, leiden sie unter dem Unverm\u00f6gen, sich&hellip;<\/p>\n<p class=\"more-link-p\"><a class=\"more-link\" href=\"http:\/\/www.editiondaslabor.de\/blog\/2009\/03\/26\/das-mysterium-der-sprachlosigkeit\/\">Read more &rarr;<\/a><\/p>\n","protected":false},"author":14,"featured_media":102377,"comment_status":"closed","ping_status":"closed","sticky":false,"template":"","format":"standard","meta":{"footnotes":""},"categories":[1],"tags":[628,3789],"class_list":["post-105501","post","type-post","status-publish","format-standard","has-post-thumbnail","hentry","category-literatur","tag-a-j-weigoni","tag-mikrogramme"],"_links":{"self":[{"href":"http:\/\/www.editiondaslabor.de\/blog\/wp-json\/wp\/v2\/posts\/105501","targetHints":{"allow":["GET"]}}],"collection":[{"href":"http:\/\/www.editiondaslabor.de\/blog\/wp-json\/wp\/v2\/posts"}],"about":[{"href":"http:\/\/www.editiondaslabor.de\/blog\/wp-json\/wp\/v2\/types\/post"}],"author":[{"embeddable":true,"href":"http:\/\/www.editiondaslabor.de\/blog\/wp-json\/wp\/v2\/users\/14"}],"replies":[{"embeddable":true,"href":"http:\/\/www.editiondaslabor.de\/blog\/wp-json\/wp\/v2\/comments?post=105501"}],"version-history":[{"count":1,"href":"http:\/\/www.editiondaslabor.de\/blog\/wp-json\/wp\/v2\/posts\/105501\/revisions"}],"predecessor-version":[{"id":105502,"href":"http:\/\/www.editiondaslabor.de\/blog\/wp-json\/wp\/v2\/posts\/105501\/revisions\/105502"}],"wp:featuredmedia":[{"embeddable":true,"href":"http:\/\/www.editiondaslabor.de\/blog\/wp-json\/wp\/v2\/media\/102377"}],"wp:attachment":[{"href":"http:\/\/www.editiondaslabor.de\/blog\/wp-json\/wp\/v2\/media?parent=105501"}],"wp:term":[{"taxonomy":"category","embeddable":true,"href":"http:\/\/www.editiondaslabor.de\/blog\/wp-json\/wp\/v2\/categories?post=105501"},{"taxonomy":"post_tag","embeddable":true,"href":"http:\/\/www.editiondaslabor.de\/blog\/wp-json\/wp\/v2\/tags?post=105501"}],"curies":[{"name":"wp","href":"https:\/\/api.w.org\/{rel}","templated":true}]}}