{"id":105314,"date":"2008-05-01T20:33:06","date_gmt":"2008-05-01T18:33:06","guid":{"rendered":"http:\/\/www.editiondaslabor.de\/blog\/?p=105314"},"modified":"2024-02-26T20:34:39","modified_gmt":"2024-02-26T19:34:39","slug":"das-aendernde-leben","status":"publish","type":"post","link":"http:\/\/www.editiondaslabor.de\/blog\/2008\/05\/01\/das-aendernde-leben\/","title":{"rendered":"Das \u00e4ndernde Leben"},"content":{"rendered":"<p>&nbsp;<\/p>\n<p>Die Losungen griffen nicht mehr<\/p>\n<p>Das Versprochene h\u00f6hlte sich<\/p>\n<p>durch Mi\u00dfachtung aus.<\/p>\n<p>Das Bild ineinandergreifender Tage,<\/p>\n<p>von Bez\u00fcgen get\u00f6nt,<\/p>\n<p>von Menschenworten und Tauchgemeinschaften<\/p>\n<p>d\u00fcnnte sich aus.<\/p>\n<p>Das verk\u00fcmmerte Geld<\/p>\n<p>galt als Wissen nicht mehr,<\/p>\n<p>da\u00df nichts wert sei,<\/p>\n<p>was man sich hielt.<\/p>\n<p>Die Nacht endete wieder im Dunkeln,<\/p>\n<p>und es verdankten einander<\/p>\n<p>die Alptr\u00e4ume die Hoffnung.<\/p>\n<p>Im K\u00e4ltestau leere Depots f\u00fcr L\u00f6sungen,<\/p>\n<p>die Losungen griffen nicht mehr.<\/p>\n<p>&nbsp;<\/p>\n<p>&nbsp;<\/p>\n<p style=\"text-align: justify;\">\n<p style=\"text-align: justify;\"><strong><img loading=\"lazy\" decoding=\"async\" class=\"size-medium wp-image-98669 alignleft\" src=\"http:\/\/www.editiondaslabor.de\/blog\/wp-content\/uploads\/2025\/12\/Janz_KommaStrich-300x225.jpeg\" alt=\"\" width=\"300\" height=\"225\" \/>Weiterf\u00fchrend\u00a0\u2192\u00a0<\/strong><\/p>\n<p style=\"text-align: justify;\">Lesen Sie auch das <a href=\"http:\/\/www.editiondaslabor.de\/blog\/?p=36409\">Kollegengespr\u00e4ch<\/a>, das A.J. Weigoni mit Angelika Janz \u00fcber den Zyklus <em>fern, fern<\/em> gef\u00fchrt hat. Vertiefend ein <a href=\"http:\/\/www.editiondaslabor.de\/blog\/?p=22835\">Portr\u00e4t <\/a>\u00fcber ihre interdisziplin\u00e4re T\u00e4tigkeit, sowie einen <a href=\"http:\/\/www.editiondaslabor.de\/blog\/?p=29450\">Essay<\/a> der <em>Fragmenttexterin<\/em>. Ebenfalls im KUNO-Archiv: Jan Kuhlbrodt mit einer <a href=\"http:\/\/www.editiondaslabor.de\/blog\/2012\/11\/05\/asthetische-prothetik\/\">Ann\u00e4herung<\/a> an die visuellen Arbeiten von Angelika Janz. Und nicht zuletzt, Michael Gratz \u00fcber Angelika Janz\u2018<a href=\"http:\/\/www.editiondaslabor.de\/blog\/2012\/11\/05\/freiraum\/\"> tEXt bILd<\/a><\/p>\n<p style=\"text-align: justify;\">\n","protected":false},"excerpt":{"rendered":"<p>&nbsp; Die Losungen griffen nicht mehr Das Versprochene h\u00f6hlte sich durch Mi\u00dfachtung aus. Das Bild ineinandergreifender Tage, von Bez\u00fcgen get\u00f6nt, von Menschenworten und Tauchgemeinschaften d\u00fcnnte sich aus. Das verk\u00fcmmerte Geld galt als Wissen nicht mehr, da\u00df nichts wert sei, was&hellip;<\/p>\n<p class=\"more-link-p\"><a class=\"more-link\" href=\"http:\/\/www.editiondaslabor.de\/blog\/2008\/05\/01\/das-aendernde-leben\/\">Read more &rarr;<\/a><\/p>\n","protected":false},"author":53,"featured_media":97863,"comment_status":"closed","ping_status":"closed","sticky":false,"template":"","format":"standard","meta":{"footnotes":""},"categories":[1],"tags":[918],"class_list":["post-105314","post","type-post","status-publish","format-standard","has-post-thumbnail","hentry","category-literatur","tag-angelika-janz"],"_links":{"self":[{"href":"http:\/\/www.editiondaslabor.de\/blog\/wp-json\/wp\/v2\/posts\/105314","targetHints":{"allow":["GET"]}}],"collection":[{"href":"http:\/\/www.editiondaslabor.de\/blog\/wp-json\/wp\/v2\/posts"}],"about":[{"href":"http:\/\/www.editiondaslabor.de\/blog\/wp-json\/wp\/v2\/types\/post"}],"author":[{"embeddable":true,"href":"http:\/\/www.editiondaslabor.de\/blog\/wp-json\/wp\/v2\/users\/53"}],"replies":[{"embeddable":true,"href":"http:\/\/www.editiondaslabor.de\/blog\/wp-json\/wp\/v2\/comments?post=105314"}],"version-history":[{"count":1,"href":"http:\/\/www.editiondaslabor.de\/blog\/wp-json\/wp\/v2\/posts\/105314\/revisions"}],"predecessor-version":[{"id":105315,"href":"http:\/\/www.editiondaslabor.de\/blog\/wp-json\/wp\/v2\/posts\/105314\/revisions\/105315"}],"wp:featuredmedia":[{"embeddable":true,"href":"http:\/\/www.editiondaslabor.de\/blog\/wp-json\/wp\/v2\/media\/97863"}],"wp:attachment":[{"href":"http:\/\/www.editiondaslabor.de\/blog\/wp-json\/wp\/v2\/media?parent=105314"}],"wp:term":[{"taxonomy":"category","embeddable":true,"href":"http:\/\/www.editiondaslabor.de\/blog\/wp-json\/wp\/v2\/categories?post=105314"},{"taxonomy":"post_tag","embeddable":true,"href":"http:\/\/www.editiondaslabor.de\/blog\/wp-json\/wp\/v2\/tags?post=105314"}],"curies":[{"name":"wp","href":"https:\/\/api.w.org\/{rel}","templated":true}]}}