{"id":105310,"date":"2007-11-02T20:24:22","date_gmt":"2007-11-02T19:24:22","guid":{"rendered":"http:\/\/www.editiondaslabor.de\/blog\/?p=105310"},"modified":"2024-02-26T20:26:22","modified_gmt":"2024-02-26T19:26:22","slug":"nachwachsender-rohstoff","status":"publish","type":"post","link":"http:\/\/www.editiondaslabor.de\/blog\/2007\/11\/02\/nachwachsender-rohstoff\/","title":{"rendered":"Nachwachsender Rohstoff"},"content":{"rendered":"<p>&nbsp;<\/p>\n<p>Der Bohrverstand<\/p>\n<p>das\u00a0 ist der Staat<\/p>\n<p>der ohne Spitze<\/p>\n<p>Tiefe hat<\/p>\n<p>und die aufs Tiefste<\/p>\n<p>weiterschickt.<\/p>\n<p><em>Vivat<\/em>\u00a0 vorm Ohr<\/p>\n<p>nicht<\/p>\n<p>und von Hand<\/p>\n<p>zu weisen<\/p>\n<p>klafft das Witzemachen.<\/p>\n<p>Dies sei geblickt<\/p>\n<p>aufs Schiefste.<\/p>\n<p>&nbsp;<\/p>\n<p>&nbsp;<\/p>\n<p>&nbsp;<\/p>\n<p style=\"text-align: justify;\">\n<p style=\"text-align: justify;\">\n<p style=\"text-align: justify;\"><strong><img loading=\"lazy\" decoding=\"async\" class=\"size-medium wp-image-98669 alignleft\" src=\"http:\/\/www.editiondaslabor.de\/blog\/wp-content\/uploads\/2025\/12\/Janz_KommaStrich-300x225.jpeg\" alt=\"\" width=\"300\" height=\"225\" \/>Weiterf\u00fchrend\u00a0\u2192\u00a0<\/strong><\/p>\n<p style=\"text-align: justify;\">Lesen Sie auch das <a href=\"http:\/\/www.editiondaslabor.de\/blog\/?p=36409\">Kollegengespr\u00e4ch<\/a>, das A.J. Weigoni mit Angelika Janz \u00fcber den Zyklus <em>fern, fern<\/em> gef\u00fchrt hat. Vertiefend ein <a href=\"http:\/\/www.editiondaslabor.de\/blog\/?p=22835\">Portr\u00e4t <\/a>\u00fcber ihre interdisziplin\u00e4re T\u00e4tigkeit, sowie einen <a href=\"http:\/\/www.editiondaslabor.de\/blog\/?p=29450\">Essay<\/a> der <em>Fragmenttexterin<\/em>. Ebenfalls im KUNO-Archiv: Jan Kuhlbrodt mit einer <a href=\"http:\/\/www.editiondaslabor.de\/blog\/2012\/11\/05\/asthetische-prothetik\/\">Ann\u00e4herung<\/a> an die visuellen Arbeiten von Angelika Janz. Und nicht zuletzt, Michael Gratz \u00fcber Angelika Janz\u2018<a href=\"http:\/\/www.editiondaslabor.de\/blog\/2012\/11\/05\/freiraum\/\"> tEXt bILd<\/a><\/p>\n<p style=\"text-align: justify;\">\n<p>&nbsp;<\/p>\n","protected":false},"excerpt":{"rendered":"<p>&nbsp; Der Bohrverstand das\u00a0 ist der Staat der ohne Spitze Tiefe hat und die aufs Tiefste weiterschickt. Vivat\u00a0 vorm Ohr nicht und von Hand zu weisen klafft das Witzemachen. Dies sei geblickt aufs Schiefste. &nbsp; &nbsp; &nbsp; Weiterf\u00fchrend\u00a0\u2192\u00a0 Lesen Sie&hellip;<\/p>\n<p class=\"more-link-p\"><a class=\"more-link\" href=\"http:\/\/www.editiondaslabor.de\/blog\/2007\/11\/02\/nachwachsender-rohstoff\/\">Read more &rarr;<\/a><\/p>\n","protected":false},"author":53,"featured_media":97863,"comment_status":"closed","ping_status":"closed","sticky":false,"template":"","format":"standard","meta":{"footnotes":""},"categories":[1],"tags":[918],"class_list":["post-105310","post","type-post","status-publish","format-standard","has-post-thumbnail","hentry","category-literatur","tag-angelika-janz"],"_links":{"self":[{"href":"http:\/\/www.editiondaslabor.de\/blog\/wp-json\/wp\/v2\/posts\/105310","targetHints":{"allow":["GET"]}}],"collection":[{"href":"http:\/\/www.editiondaslabor.de\/blog\/wp-json\/wp\/v2\/posts"}],"about":[{"href":"http:\/\/www.editiondaslabor.de\/blog\/wp-json\/wp\/v2\/types\/post"}],"author":[{"embeddable":true,"href":"http:\/\/www.editiondaslabor.de\/blog\/wp-json\/wp\/v2\/users\/53"}],"replies":[{"embeddable":true,"href":"http:\/\/www.editiondaslabor.de\/blog\/wp-json\/wp\/v2\/comments?post=105310"}],"version-history":[{"count":1,"href":"http:\/\/www.editiondaslabor.de\/blog\/wp-json\/wp\/v2\/posts\/105310\/revisions"}],"predecessor-version":[{"id":105311,"href":"http:\/\/www.editiondaslabor.de\/blog\/wp-json\/wp\/v2\/posts\/105310\/revisions\/105311"}],"wp:featuredmedia":[{"embeddable":true,"href":"http:\/\/www.editiondaslabor.de\/blog\/wp-json\/wp\/v2\/media\/97863"}],"wp:attachment":[{"href":"http:\/\/www.editiondaslabor.de\/blog\/wp-json\/wp\/v2\/media?parent=105310"}],"wp:term":[{"taxonomy":"category","embeddable":true,"href":"http:\/\/www.editiondaslabor.de\/blog\/wp-json\/wp\/v2\/categories?post=105310"},{"taxonomy":"post_tag","embeddable":true,"href":"http:\/\/www.editiondaslabor.de\/blog\/wp-json\/wp\/v2\/tags?post=105310"}],"curies":[{"name":"wp","href":"https:\/\/api.w.org\/{rel}","templated":true}]}}