{"id":105193,"date":"2024-07-21T00:01:51","date_gmt":"2024-07-20T22:01:51","guid":{"rendered":"http:\/\/www.editiondaslabor.de\/blog\/?p=105193"},"modified":"2024-01-01T09:21:52","modified_gmt":"2024-01-01T08:21:52","slug":"schnaps","status":"publish","type":"post","link":"http:\/\/www.editiondaslabor.de\/blog\/2024\/07\/21\/schnaps\/","title":{"rendered":"SCHNAPS"},"content":{"rendered":"<p>&nbsp;<\/p>\n<p>&nbsp;<\/p>\n<p>&nbsp;<\/p>\n<p>verfiel ein branntweinbrenner der schwarzen magie<\/p>\n<p>um einen noch besseren schnaps zu brennen<\/p>\n<p>laugte er mit alkohol menschliche sch\u00e4del aus<\/p>\n<p>die er vom friedhof holte und mit nach haus nahm<\/p>\n<p>eines tages aber \u00f6ffnete sich ger\u00e4uschlos die t\u00fcr<\/p>\n<p>und ein kopfloser geist mit langem wei\u00dfem gewand<\/p>\n<p>schwebte herein forderte mit heiserer stimme<\/p>\n<p>seinen kopf zur\u00fcck nahm ihn in seine h\u00e4nde<\/p>\n<p>und verschwand der brauer wurde wahnsinnig<\/p>\n<p>&nbsp;<\/p>\n<p>&nbsp;<\/p>\n<p>&nbsp;<\/p>\n<p>&nbsp;<\/p>\n<p style=\"text-align: center;\">* * *<\/p>\n<p style=\"text-align: justify;\"><strong>Gedichte nach Sagen aus B\u00f6rde und Altmark<\/strong>, von Holger Benkel, 2024<\/p>\n<div id=\"attachment_100367\" style=\"width: 236px\" class=\"wp-caption alignleft\"><img loading=\"lazy\" decoding=\"async\" aria-describedby=\"caption-attachment-100367\" class=\"size-full wp-image-100367\" src=\"http:\/\/www.editiondaslabor.de\/blog\/wp-content\/uploads\/2022\/12\/Bru\u0308der-Grimm-e1645725260502.jpg\" alt=\"\" width=\"226\" height=\"300\" \/><p id=\"caption-attachment-100367\" class=\"wp-caption-text\">Wilhelm and Jacob Grimm, 1847; daguerreotype von Hermann Blow<\/p><\/div>\n<h5 style=\"text-align: justify;\"><strong>Weiterf\u00fchrend <\/strong>\u2192<\/h5>\n<p style=\"text-align: justify;\">Auf KUNO portr\u00e4tierte Holger Benkel die <a href=\"http:\/\/www.editiondaslabor.de\/blog\/?p=11282\">Br\u00fcder Grimm<\/a>.\u00a0Wir begreifen die Gattung des Essays auf KUNO als eine <a href=\"http:\/\/www.editiondaslabor.de\/blog\/2013\/12\/10\/zur-gattung-essay\/\">Versuchsanordnung<\/a>, undogmatisch, subjektiv, experimentell, ergebnisoffen. Was den <a href=\"http:\/\/www.editiondaslabor.de\/blog\/?p=21478\">Rezensionsessays<\/a> von Holger Benkel die \u00dcberzeugungskraft verleiht, ist die philosophische Anstrengung, denen er sein Material unterwirft.<\/p>\n<p style=\"text-align: justify;\">Holger Benkels <a href=\"http:\/\/www.editiondaslabor.de\/blog\/?p=10304\"><em>Gedanken, die um Ecken biegen<\/em><\/a> gehen weiter als der geschriebene Text; sie sind kein Ende, sondern ein Anfang. Sie versuchen, diesen kleinen Rest an Sprache etwas aufzuhellen, und wagen es seine R\u00e4nder verstehbar zu machen.<\/p>\n<p style=\"text-align: justify;\">Holger Benkel beweist als Lyriker in seinem Band <a href=\"http:\/\/www.editiondaslabor.de\/blog\/?p=29369\"><em>Seelenland<\/em><\/a> ein Gesp\u00fcr f\u00fcr das Unvertraute im Vertrauten, das Unheimliche des Allt\u00e4glichen, das Scheinhafte des Realen.<\/p>\n<p>&nbsp;<\/p>\n","protected":false},"excerpt":{"rendered":"<p>&nbsp; &nbsp; &nbsp; verfiel ein branntweinbrenner der schwarzen magie um einen noch besseren schnaps zu brennen laugte er mit alkohol menschliche sch\u00e4del aus die er vom friedhof holte und mit nach haus nahm eines tages aber \u00f6ffnete sich ger\u00e4uschlos die&hellip;<\/p>\n<p class=\"more-link-p\"><a class=\"more-link\" href=\"http:\/\/www.editiondaslabor.de\/blog\/2024\/07\/21\/schnaps\/\">Read more &rarr;<\/a><\/p>\n","protected":false},"author":36,"featured_media":100367,"comment_status":"closed","ping_status":"closed","sticky":false,"template":"","format":"standard","meta":{"footnotes":""},"categories":[1],"tags":[94],"class_list":["post-105193","post","type-post","status-publish","format-standard","has-post-thumbnail","hentry","category-literatur","tag-holger-benkel"],"_links":{"self":[{"href":"http:\/\/www.editiondaslabor.de\/blog\/wp-json\/wp\/v2\/posts\/105193","targetHints":{"allow":["GET"]}}],"collection":[{"href":"http:\/\/www.editiondaslabor.de\/blog\/wp-json\/wp\/v2\/posts"}],"about":[{"href":"http:\/\/www.editiondaslabor.de\/blog\/wp-json\/wp\/v2\/types\/post"}],"author":[{"embeddable":true,"href":"http:\/\/www.editiondaslabor.de\/blog\/wp-json\/wp\/v2\/users\/36"}],"replies":[{"embeddable":true,"href":"http:\/\/www.editiondaslabor.de\/blog\/wp-json\/wp\/v2\/comments?post=105193"}],"version-history":[{"count":1,"href":"http:\/\/www.editiondaslabor.de\/blog\/wp-json\/wp\/v2\/posts\/105193\/revisions"}],"predecessor-version":[{"id":105194,"href":"http:\/\/www.editiondaslabor.de\/blog\/wp-json\/wp\/v2\/posts\/105193\/revisions\/105194"}],"wp:featuredmedia":[{"embeddable":true,"href":"http:\/\/www.editiondaslabor.de\/blog\/wp-json\/wp\/v2\/media\/100367"}],"wp:attachment":[{"href":"http:\/\/www.editiondaslabor.de\/blog\/wp-json\/wp\/v2\/media?parent=105193"}],"wp:term":[{"taxonomy":"category","embeddable":true,"href":"http:\/\/www.editiondaslabor.de\/blog\/wp-json\/wp\/v2\/categories?post=105193"},{"taxonomy":"post_tag","embeddable":true,"href":"http:\/\/www.editiondaslabor.de\/blog\/wp-json\/wp\/v2\/tags?post=105193"}],"curies":[{"name":"wp","href":"https:\/\/api.w.org\/{rel}","templated":true}]}}