{"id":105072,"date":"1989-08-25T06:06:46","date_gmt":"1989-08-25T04:06:46","guid":{"rendered":"http:\/\/www.editiondaslabor.de\/blog\/?p=105072"},"modified":"2023-11-17T06:10:01","modified_gmt":"2023-11-17T05:10:01","slug":"die-feder-kritzelt-2","status":"publish","type":"post","link":"http:\/\/www.editiondaslabor.de\/blog\/1989\/08\/25\/die-feder-kritzelt-2\/","title":{"rendered":"Die Feder kritzelt"},"content":{"rendered":"<p>&nbsp;<\/p>\n<p>Die Feder kritzelt: H\u00f6lle das!<\/p>\n<p>Bin ich verdammt zum Kritzeln-M\u00fcssen? \u2013<\/p>\n<p>So greif ich k\u00fchn zum Tintenfa\u00df<\/p>\n<p>Und schreib mit dicken Tintenfl\u00fcssen.<\/p>\n<p>Wie l\u00e4uft das hin, so voll, so breit!<\/p>\n<p>Wie gl\u00fcckt mir alles, wie ich&#8217;s treibe!<\/p>\n<p>Zwar fehlt der Schrift die Deutlichkeit \u2013<\/p>\n<p>Was tut&#8217;s? Wer liest denn, was ich schreibe?<\/p>\n<p>&nbsp;<\/p>\n<p>&nbsp;<\/p>\n<p>&nbsp;<\/p>\n<div style=\"text-align: justify;\">\n<dl id=\"attachment_17303\">\n<dt><img loading=\"lazy\" decoding=\"async\" class=\"alignleft size-full wp-image-99342\" src=\"http:\/\/www.editiondaslabor.de\/blog\/wp-content\/uploads\/2025\/10\/Friedrich-Nietzsche-e1645463484791.jpg\" alt=\"\" width=\"245\" height=\"300\" \/>Friedrich Nietzsche ist der Godfather des Cynismus.\u00a0Oft leisten seine Texte viel mehr: Aufschreckende Br\u00fcche und Diskontinuit\u00e4ten im Sprachlichen, unruhige und gewagte Kombinationen und Schnitte, alchemistische Verbindungen von Kontexten, die man so nicht erwartet h\u00e4tte. Neben dem Zeremonienmeister Lichtenberg (und, so wage ich zu behaupten, Martin Walsers alter ego Me\u00dfmer) ist Nietzsche sicher ein interessanter Vorl\u00e4ufer der Form des &#8211; bei ihm noch wortmechanischen &#8211; Tweet.<\/dt>\n<\/dl>\n<p><strong>Weiterf\u00fchrend \u2192<\/strong><\/p>\n<p>Lesen Sie auch \u201e<a href=\"http:\/\/www.editiondaslabor.de\/blog\/?p=51602\">Zarathustra \u2022 Revisited<\/a>\u201e. Z\u00e4hlung, Dichtung, Diagramme. Visualisiert von Hartmut Abendschein. Und Thomas N\u00f6ske versucht <a href=\"http:\/\/www.editiondaslabor.de\/blog\/?p=70592\">mit diesem Essay<\/a> mit Nietzsche fertig zu werden.<\/p>\n<\/div>\n<p style=\"text-align: justify;\"><strong>\u2192<\/strong>\u00a0Poesie z\u00e4hlt f\u00fcr KUNO weiterhin zu den identit\u00e4ts- und identifikationstiftenden Elementen einer Kultur, dies bezeugte auch der Versuch einer <a href=\"http:\/\/www.editiondaslabor.de\/blog\/?p=25630\">poetologischen Positionsbestimmung<\/a>.<\/p>\n","protected":false},"excerpt":{"rendered":"<p>&nbsp; Die Feder kritzelt: H\u00f6lle das! Bin ich verdammt zum Kritzeln-M\u00fcssen? \u2013 So greif ich k\u00fchn zum Tintenfa\u00df Und schreib mit dicken Tintenfl\u00fcssen. Wie l\u00e4uft das hin, so voll, so breit! Wie gl\u00fcckt mir alles, wie ich&#8217;s treibe! Zwar fehlt&hellip;<\/p>\n<p class=\"more-link-p\"><a class=\"more-link\" href=\"http:\/\/www.editiondaslabor.de\/blog\/1989\/08\/25\/die-feder-kritzelt-2\/\">Read more &rarr;<\/a><\/p>\n","protected":false},"author":93,"featured_media":99342,"comment_status":"closed","ping_status":"closed","sticky":false,"template":"","format":"standard","meta":{"footnotes":""},"categories":[1],"tags":[447],"class_list":["post-105072","post","type-post","status-publish","format-standard","has-post-thumbnail","hentry","category-literatur","tag-friedrich-nietzsche"],"_links":{"self":[{"href":"http:\/\/www.editiondaslabor.de\/blog\/wp-json\/wp\/v2\/posts\/105072","targetHints":{"allow":["GET"]}}],"collection":[{"href":"http:\/\/www.editiondaslabor.de\/blog\/wp-json\/wp\/v2\/posts"}],"about":[{"href":"http:\/\/www.editiondaslabor.de\/blog\/wp-json\/wp\/v2\/types\/post"}],"author":[{"embeddable":true,"href":"http:\/\/www.editiondaslabor.de\/blog\/wp-json\/wp\/v2\/users\/93"}],"replies":[{"embeddable":true,"href":"http:\/\/www.editiondaslabor.de\/blog\/wp-json\/wp\/v2\/comments?post=105072"}],"version-history":[{"count":1,"href":"http:\/\/www.editiondaslabor.de\/blog\/wp-json\/wp\/v2\/posts\/105072\/revisions"}],"predecessor-version":[{"id":105073,"href":"http:\/\/www.editiondaslabor.de\/blog\/wp-json\/wp\/v2\/posts\/105072\/revisions\/105073"}],"wp:featuredmedia":[{"embeddable":true,"href":"http:\/\/www.editiondaslabor.de\/blog\/wp-json\/wp\/v2\/media\/99342"}],"wp:attachment":[{"href":"http:\/\/www.editiondaslabor.de\/blog\/wp-json\/wp\/v2\/media?parent=105072"}],"wp:term":[{"taxonomy":"category","embeddable":true,"href":"http:\/\/www.editiondaslabor.de\/blog\/wp-json\/wp\/v2\/categories?post=105072"},{"taxonomy":"post_tag","embeddable":true,"href":"http:\/\/www.editiondaslabor.de\/blog\/wp-json\/wp\/v2\/tags?post=105072"}],"curies":[{"name":"wp","href":"https:\/\/api.w.org\/{rel}","templated":true}]}}