{"id":105049,"date":"1996-05-06T06:18:20","date_gmt":"1996-05-06T04:18:20","guid":{"rendered":"http:\/\/www.editiondaslabor.de\/blog\/?p=105049"},"modified":"2023-10-28T06:22:28","modified_gmt":"2023-10-28T04:22:28","slug":"der-dichter-2","status":"publish","type":"post","link":"http:\/\/www.editiondaslabor.de\/blog\/1996\/05\/06\/der-dichter-2\/","title":{"rendered":"DER DICHTER"},"content":{"rendered":"<p>&nbsp;<\/p>\n<p>&nbsp;<\/p>\n<p>Ein lang Gewand streng wallender Terzinen,<\/p>\n<p>des blauer Saum die Erde fast ber\u00fchrte,<\/p>\n<p>umflo\u00df den Dichter, wie er mir erschienen.<\/p>\n<p>&nbsp;<\/p>\n<p>Die edlen F\u00fc\u00dfe staken in Sonetten,<\/p>\n<p>indes das Band, das ihm die Stirne schn\u00fcrte,<\/p>\n<p>aus Epigrammen war, gleich goldnen Bienen,<\/p>\n<p>die sich im Mondschein aneinanderketten.<\/p>\n<p>&nbsp;<\/p>\n<p>So schritt er sanft und sch\u00fcrzte sein Ghasel,<\/p>\n<p>gelassen, gleich dem stolzen Beduinen.<\/p>\n<p>Ich barg mein Haupt am Rhythmus der Terzinen &#8230;<\/p>\n<p>Fern graste der Gew\u00f6hnlichkeit Kamel.<\/p>\n<p>&nbsp;<\/p>\n<p>&nbsp;<\/p>\n<p style=\"text-align: center;\">***<\/p>\n<p style=\"text-align: justify;\">Christian Morgenstern wurde \u00a0von 125 Jahren, am 1871 in der Theresienstra\u00dfe 12 in M\u00fcnchen im Stadtteil Maxvorstadt unweit der Universit\u00e4t geboren.<\/p>\n<p style=\"text-align: justify;\"><em><a href=\"http:\/\/www.editiondaslabor.de\/blog\/wp-content\/uploads\/2029\/10\/Morgenstern-h420.jpg\"><img loading=\"lazy\" decoding=\"async\" class=\"size-medium wp-image-82047 alignleft\" src=\"http:\/\/www.editiondaslabor.de\/blog\/wp-content\/uploads\/2029\/10\/Morgenstern-h420-206x300.jpg\" alt=\"\" width=\"206\" height=\"300\" srcset=\"http:\/\/www.editiondaslabor.de\/blog\/wp-content\/uploads\/2029\/10\/Morgenstern-h420-206x300.jpg 206w, http:\/\/www.editiondaslabor.de\/blog\/wp-content\/uploads\/2029\/10\/Morgenstern-h420-260x379.jpg 260w, http:\/\/www.editiondaslabor.de\/blog\/wp-content\/uploads\/2029\/10\/Morgenstern-h420-160x233.jpg 160w, http:\/\/www.editiondaslabor.de\/blog\/wp-content\/uploads\/2029\/10\/Morgenstern-h420.jpg 288w\" sizes=\"auto, (max-width: 206px) 100vw, 206px\" \/><\/a><\/em><em>&#8222;In jedem Menschen ist ein Kind verborgen, das hei\u00dft Bildnertrieb und will als liebstes Spiel- und Ernst-Zeug nicht das bis auf den letzten Rest nachgearbeitete Miniat\u00fcr-Schiff, sondern die Walnu\u00dfschale mit der Vogelfeder als Segelmast und dem Kieselstein als Kapit\u00e4n. Das will auch in der Kunst mit-spielen, mit-schaffen d\u00fcrfen und nicht so sehr blo\u00df bewundernder Zuschauer sein. Denn dieses &#8218;Kind im Menschen&#8216; ist der unsterbliche Sch\u00f6pfer in ihm [&#8230;].&#8220;<\/em><\/p>\n<p style=\"text-align: justify;\"><strong>Weiterf\u00fchrend \u2192<\/strong>\u00a0Poesie z\u00e4hlt f\u00fcr KUNO weiterhin zu den identit\u00e4ts- und identifikationstiftenden Elementen einer Kultur, dies bezeugte auch der Versuch einer <a href=\"http:\/\/www.editiondaslabor.de\/blog\/?p=25630\">poetologischen Positionsbestimmung<\/a>.<\/p>\n","protected":false},"excerpt":{"rendered":"<p>&nbsp; &nbsp; Ein lang Gewand streng wallender Terzinen, des blauer Saum die Erde fast ber\u00fchrte, umflo\u00df den Dichter, wie er mir erschienen. &nbsp; Die edlen F\u00fc\u00dfe staken in Sonetten, indes das Band, das ihm die Stirne schn\u00fcrte, aus Epigrammen war,&hellip;<\/p>\n<p class=\"more-link-p\"><a class=\"more-link\" href=\"http:\/\/www.editiondaslabor.de\/blog\/1996\/05\/06\/der-dichter-2\/\">Read more &rarr;<\/a><\/p>\n","protected":false},"author":220,"featured_media":99780,"comment_status":"closed","ping_status":"closed","sticky":false,"template":"","format":"standard","meta":{"footnotes":""},"categories":[1],"tags":[2891],"class_list":["post-105049","post","type-post","status-publish","format-standard","has-post-thumbnail","hentry","category-literatur","tag-christian-morgenstern"],"_links":{"self":[{"href":"http:\/\/www.editiondaslabor.de\/blog\/wp-json\/wp\/v2\/posts\/105049","targetHints":{"allow":["GET"]}}],"collection":[{"href":"http:\/\/www.editiondaslabor.de\/blog\/wp-json\/wp\/v2\/posts"}],"about":[{"href":"http:\/\/www.editiondaslabor.de\/blog\/wp-json\/wp\/v2\/types\/post"}],"author":[{"embeddable":true,"href":"http:\/\/www.editiondaslabor.de\/blog\/wp-json\/wp\/v2\/users\/220"}],"replies":[{"embeddable":true,"href":"http:\/\/www.editiondaslabor.de\/blog\/wp-json\/wp\/v2\/comments?post=105049"}],"version-history":[{"count":2,"href":"http:\/\/www.editiondaslabor.de\/blog\/wp-json\/wp\/v2\/posts\/105049\/revisions"}],"predecessor-version":[{"id":105051,"href":"http:\/\/www.editiondaslabor.de\/blog\/wp-json\/wp\/v2\/posts\/105049\/revisions\/105051"}],"wp:featuredmedia":[{"embeddable":true,"href":"http:\/\/www.editiondaslabor.de\/blog\/wp-json\/wp\/v2\/media\/99780"}],"wp:attachment":[{"href":"http:\/\/www.editiondaslabor.de\/blog\/wp-json\/wp\/v2\/media?parent=105049"}],"wp:term":[{"taxonomy":"category","embeddable":true,"href":"http:\/\/www.editiondaslabor.de\/blog\/wp-json\/wp\/v2\/categories?post=105049"},{"taxonomy":"post_tag","embeddable":true,"href":"http:\/\/www.editiondaslabor.de\/blog\/wp-json\/wp\/v2\/tags?post=105049"}],"curies":[{"name":"wp","href":"https:\/\/api.w.org\/{rel}","templated":true}]}}