{"id":104780,"date":"2000-05-02T06:13:04","date_gmt":"2000-05-02T04:13:04","guid":{"rendered":"http:\/\/www.editiondaslabor.de\/blog\/?p=104780"},"modified":"2023-06-18T06:16:33","modified_gmt":"2023-06-18T04:16:33","slug":"monolog-1","status":"publish","type":"post","link":"http:\/\/www.editiondaslabor.de\/blog\/2000\/05\/02\/monolog-1\/","title":{"rendered":"Monolog 1"},"content":{"rendered":"<p>&nbsp;<\/p>\n<div id=\"imCellStyle_10\">\n<div id=\"imTextObject_265_10\">\n<div id=\"imTextObject_265_10_tab0\" class=\"text-tab-content\">\n<div class=\"text-inner\" style=\"text-align: justify;\">\n<p class=\"imTAJustify\"><span class=\"ff1 cf0 fs22\">Gerade das Eigent\u00fcmliche der Sprache, da\u00df sie sich blo\u00df um sich selbst bek\u00fcmmert, wei\u00df keiner. Darum ist sie ein so wunderbares und fruchtbares Geheimnis, &#8211; da\u00df wenn einer blo\u00df spricht, um zu sprechen, er gerade die herrlichsten, originellsten Wahrheiten ausspricht. Will er aber von etwas Bestimmten sprechen, so l\u00e4\u00dft ihn die launige Sprache das l\u00e4cherlichste und verkehrteste Zeug sagen.<\/span><\/p>\n<\/div>\n<p>&nbsp;<\/p>\n<\/div>\n<\/div>\n<div id=\"imTextObject_265_10\">\n<div><\/div>\n<div class=\"text-tab-content\">\n<p style=\"text-align: justify;\"><strong><img loading=\"lazy\" decoding=\"async\" class=\"size-medium wp-image-99790 alignright\" src=\"http:\/\/www.editiondaslabor.de\/blog\/wp-content\/uploads\/2025\/05\/Novalis-281x300.jpg\" alt=\"\" width=\"281\" height=\"300\" \/>Weiterf\u00fchrend<\/strong> <strong>\u2192<\/strong> Die Redaktion blieb seit 1989 zum Mainstream stets in <em><a href=\"http:\/\/www.editiondaslabor.de\/blog\/1989\/01\/05\/lyrik-als-seismograph-an-der-epochenschwelle\/\">\u00c4quidistanz<\/a><\/em>.<\/p>\n<p style=\"text-align: justify;\"><strong>\u2192<\/strong> 1995 betrachteten wir die Lyrik vor dem Hintergrund der Mediengeschichte als <a href=\"http:\/\/www.editiondaslabor.de\/blog\/1995\/01\/02\/laboratorium-der-poesie\/\"><em>Laboratorium der Poesie<\/em><\/a><\/p>\n<p style=\"text-align: justify;\">\u2192 2005 vertieften wir die Medienbetrachtung mit dem Schwerpunkt <a href=\"http:\/\/www.editiondaslabor.de\/blog\/2005\/01\/02\/transmediale-poesie\/\"><em>Transmediale Poesie<\/em><\/a><\/p>\n<p style=\"text-align: justify;\">\u2192 2015 fragen wir uns in der <a href=\"http:\/\/www.editiondaslabor.de\/blog\/2015\/01\/02\/poetologische-positionsbestimmung\/\"><em>Minima poetica<\/em><\/a> wie man mit Elementarteilchen die Gattung Lyrik neu zusammensetzt.<\/p>\n<p style=\"text-align: justify;\">\u2192 2023 finden Sie \u00fcber dieses Online-Magazin eine Betrachtung als <a href=\"http:\/\/www.editiondaslabor.de\/blog\/?p=78067\">eine Anthologie im Ganzen<\/a>.<\/p>\n<\/div>\n<\/div>\n<\/div>\n","protected":false},"excerpt":{"rendered":"<p>&nbsp; Gerade das Eigent\u00fcmliche der Sprache, da\u00df sie sich blo\u00df um sich selbst bek\u00fcmmert, wei\u00df keiner. Darum ist sie ein so wunderbares und fruchtbares Geheimnis, &#8211; da\u00df wenn einer blo\u00df spricht, um zu sprechen, er gerade die herrlichsten, originellsten Wahrheiten&hellip;<\/p>\n<p class=\"more-link-p\"><a class=\"more-link\" href=\"http:\/\/www.editiondaslabor.de\/blog\/2000\/05\/02\/monolog-1\/\">Read more &rarr;<\/a><\/p>\n","protected":false},"author":79,"featured_media":99790,"comment_status":"closed","ping_status":"closed","sticky":false,"template":"","format":"standard","meta":{"footnotes":""},"categories":[1],"tags":[],"class_list":["post-104780","post","type-post","status-publish","format-standard","has-post-thumbnail","hentry","category-literatur"],"_links":{"self":[{"href":"http:\/\/www.editiondaslabor.de\/blog\/wp-json\/wp\/v2\/posts\/104780","targetHints":{"allow":["GET"]}}],"collection":[{"href":"http:\/\/www.editiondaslabor.de\/blog\/wp-json\/wp\/v2\/posts"}],"about":[{"href":"http:\/\/www.editiondaslabor.de\/blog\/wp-json\/wp\/v2\/types\/post"}],"author":[{"embeddable":true,"href":"http:\/\/www.editiondaslabor.de\/blog\/wp-json\/wp\/v2\/users\/79"}],"replies":[{"embeddable":true,"href":"http:\/\/www.editiondaslabor.de\/blog\/wp-json\/wp\/v2\/comments?post=104780"}],"version-history":[{"count":2,"href":"http:\/\/www.editiondaslabor.de\/blog\/wp-json\/wp\/v2\/posts\/104780\/revisions"}],"predecessor-version":[{"id":104782,"href":"http:\/\/www.editiondaslabor.de\/blog\/wp-json\/wp\/v2\/posts\/104780\/revisions\/104782"}],"wp:featuredmedia":[{"embeddable":true,"href":"http:\/\/www.editiondaslabor.de\/blog\/wp-json\/wp\/v2\/media\/99790"}],"wp:attachment":[{"href":"http:\/\/www.editiondaslabor.de\/blog\/wp-json\/wp\/v2\/media?parent=104780"}],"wp:term":[{"taxonomy":"category","embeddable":true,"href":"http:\/\/www.editiondaslabor.de\/blog\/wp-json\/wp\/v2\/categories?post=104780"},{"taxonomy":"post_tag","embeddable":true,"href":"http:\/\/www.editiondaslabor.de\/blog\/wp-json\/wp\/v2\/tags?post=104780"}],"curies":[{"name":"wp","href":"https:\/\/api.w.org\/{rel}","templated":true}]}}