{"id":104387,"date":"2024-07-30T00:01:32","date_gmt":"2024-07-29T22:01:32","guid":{"rendered":"http:\/\/www.editiondaslabor.de\/blog\/?p=104387"},"modified":"2022-12-31T14:53:40","modified_gmt":"2022-12-31T13:53:40","slug":"brand-2","status":"publish","type":"post","link":"http:\/\/www.editiondaslabor.de\/blog\/2024\/07\/30\/brand-2\/","title":{"rendered":"BRAND"},"content":{"rendered":"<p>&nbsp;<\/p>\n<p style=\"text-align: center;\">\n<p style=\"text-align: center;\">brannte das kloster nieder<\/p>\n<p style=\"text-align: center;\">erkl\u00e4rte der probst das feuer sei<\/p>\n<p style=\"text-align: center;\">gelegt worden von fremder hand<\/p>\n<p style=\"text-align: center;\">erz\u00e4hlte man er h\u00e4tt sich ostern<\/p>\n<p style=\"text-align: center;\">damit aufersteht sein leib<\/p>\n<p style=\"text-align: center;\">zwei wagen kommen lassen<\/p>\n<p style=\"text-align: center;\">voll mit jungen frauen und betrunken<\/p>\n<p style=\"text-align: center;\">versehentlich sein bett entz\u00fcndet<\/p>\n<p>&nbsp;<\/p>\n<p>&nbsp;<\/p>\n<p>&nbsp;<\/p>\n<p style=\"text-align: center;\">* * *<\/p>\n<p style=\"text-align: justify;\"><strong>Gedichte nach Sagen aus B\u00f6rde und Altmark<\/strong>, von Holger Benkel, 2024<\/p>\n<div id=\"attachment_100367\" style=\"width: 236px\" class=\"wp-caption alignleft\"><img loading=\"lazy\" decoding=\"async\" aria-describedby=\"caption-attachment-100367\" class=\"size-full wp-image-100367\" src=\"http:\/\/www.editiondaslabor.de\/blog\/wp-content\/uploads\/2022\/12\/Bru\u0308der-Grimm-e1645725260502.jpg\" alt=\"\" width=\"226\" height=\"300\" \/><p id=\"caption-attachment-100367\" class=\"wp-caption-text\">Wilhelm and Jacob Grimm, 1847; daguerreotype von Hermann Blow<\/p><\/div>\n<h5 style=\"text-align: justify;\"><strong>Weiterf\u00fchrend <\/strong>\u2192<\/h5>\n<p style=\"text-align: justify;\">Auf KUNO portr\u00e4tierte Holger Benkel die <a href=\"http:\/\/www.editiondaslabor.de\/blog\/?p=11282\">Br\u00fcder Grimm<\/a>.\u00a0Wir begreifen die Gattung des Essays auf KUNO als eine <a href=\"http:\/\/www.editiondaslabor.de\/blog\/2013\/12\/10\/zur-gattung-essay\/\">Versuchsanordnung<\/a>, undogmatisch, subjektiv, experimentell, ergebnisoffen. Was den <a href=\"http:\/\/www.editiondaslabor.de\/blog\/?p=21478\">Rezensionsessays<\/a> von Holger Benkel die \u00dcberzeugungskraft verleiht, ist die philosophische Anstrengung, denen er sein Material unterwirft.<\/p>\n<p style=\"text-align: justify;\">Holger Benkels <a href=\"http:\/\/www.editiondaslabor.de\/blog\/?p=10304\"><em>Gedanken, die um Ecken biegen<\/em><\/a> gehen weiter als der geschriebene Text; sie sind kein Ende, sondern ein Anfang. Sie versuchen, diesen kleinen Rest an Sprache etwas aufzuhellen, und wagen es seine R\u00e4nder verstehbar zu machen.<\/p>\n<p style=\"text-align: justify;\">Holger Benkel beweist als Lyriker in seinem Band <a href=\"http:\/\/www.editiondaslabor.de\/blog\/?p=29369\"><em>Seelenland<\/em><\/a> ein Gesp\u00fcr f\u00fcr das Unvertraute im Vertrauten, das Unheimliche des Allt\u00e4glichen, das Scheinhafte des Realen.<\/p>\n","protected":false},"excerpt":{"rendered":"<p>&nbsp; brannte das kloster nieder erkl\u00e4rte der probst das feuer sei gelegt worden von fremder hand erz\u00e4hlte man er h\u00e4tt sich ostern damit aufersteht sein leib zwei wagen kommen lassen voll mit jungen frauen und betrunken versehentlich sein bett entz\u00fcndet&hellip;<\/p>\n<p class=\"more-link-p\"><a class=\"more-link\" href=\"http:\/\/www.editiondaslabor.de\/blog\/2024\/07\/30\/brand-2\/\">Read more &rarr;<\/a><\/p>\n","protected":false},"author":36,"featured_media":100367,"comment_status":"closed","ping_status":"closed","sticky":false,"template":"","format":"standard","meta":{"footnotes":""},"categories":[1],"tags":[94],"class_list":["post-104387","post","type-post","status-publish","format-standard","has-post-thumbnail","hentry","category-literatur","tag-holger-benkel"],"_links":{"self":[{"href":"http:\/\/www.editiondaslabor.de\/blog\/wp-json\/wp\/v2\/posts\/104387","targetHints":{"allow":["GET"]}}],"collection":[{"href":"http:\/\/www.editiondaslabor.de\/blog\/wp-json\/wp\/v2\/posts"}],"about":[{"href":"http:\/\/www.editiondaslabor.de\/blog\/wp-json\/wp\/v2\/types\/post"}],"author":[{"embeddable":true,"href":"http:\/\/www.editiondaslabor.de\/blog\/wp-json\/wp\/v2\/users\/36"}],"replies":[{"embeddable":true,"href":"http:\/\/www.editiondaslabor.de\/blog\/wp-json\/wp\/v2\/comments?post=104387"}],"version-history":[{"count":1,"href":"http:\/\/www.editiondaslabor.de\/blog\/wp-json\/wp\/v2\/posts\/104387\/revisions"}],"predecessor-version":[{"id":104388,"href":"http:\/\/www.editiondaslabor.de\/blog\/wp-json\/wp\/v2\/posts\/104387\/revisions\/104388"}],"wp:featuredmedia":[{"embeddable":true,"href":"http:\/\/www.editiondaslabor.de\/blog\/wp-json\/wp\/v2\/media\/100367"}],"wp:attachment":[{"href":"http:\/\/www.editiondaslabor.de\/blog\/wp-json\/wp\/v2\/media?parent=104387"}],"wp:term":[{"taxonomy":"category","embeddable":true,"href":"http:\/\/www.editiondaslabor.de\/blog\/wp-json\/wp\/v2\/categories?post=104387"},{"taxonomy":"post_tag","embeddable":true,"href":"http:\/\/www.editiondaslabor.de\/blog\/wp-json\/wp\/v2\/tags?post=104387"}],"curies":[{"name":"wp","href":"https:\/\/api.w.org\/{rel}","templated":true}]}}