{"id":104190,"date":"2022-12-02T00:01:34","date_gmt":"2022-12-01T23:01:34","guid":{"rendered":"http:\/\/www.editiondaslabor.de\/blog\/?p=104190"},"modified":"2022-11-24T12:57:22","modified_gmt":"2022-11-24T11:57:22","slug":"form-linie-farbe","status":"publish","type":"post","link":"http:\/\/www.editiondaslabor.de\/blog\/2022\/12\/02\/form-linie-farbe\/","title":{"rendered":"Form Linie Farbe"},"content":{"rendered":"<p style=\"text-align: right;\"><span style=\"color: #999999;\"><em>Das ver\u00e4stelte Lebenswerk von Haimo Hieronymus entwickelte sich \u00fcber die Jahrzehnte hinweg zu einer partizipativen, sozialen Plastik.<\/em><\/span><\/p>\n<p style=\"text-align: justify;\">Im R\u00fcckblick auf sein vielgestaltiges Oeuvre betrachten wir k\u00fcnstlerische Arbeiten, bei denen der Artist in regelm\u00e4\u00dfiger Abfolge eine neue Abzweigung nimmt. Das ist spannend, weil der Betrachter sich immer wieder auf neue \u00dcberraschungen \u00e4sthetischer Art freuen darf. Das ist f\u00fcr den K\u00fcnstler gesch\u00e4ftssch\u00e4digend, weil der Kunstmarkt nach dem <em>Choc<\/em> (Benjamin) von einem K\u00fcnstler das ewig Gleiche erwartet. Die Distanz zu Pinsel, Stift und Papier w\u00e4chst, man kann sich noch nicht sicher sein, wie zwangsl\u00e4ufig, g\u00fcnstig oder grausam das f\u00fcr die Kunstwelt sein wird.<\/p>\n<p style=\"text-align: right;\"><span style=\"color: #999999;\"><em>Diese Buchkunst erzeugt eine ihr eigene Wirklichkeit und betont den Bildcharakter des Buchstabens, der das so gef\u00fchlte Erkennen \u00fcber das Begrenzte und enge Bezirke des n\u00fctzlichen Lebens hinaus transportiert.<\/em><\/span><\/p>\n<p style=\"text-align: justify;\">Kenner von Hieronymus&#8216; vielgestaltigem Werk verfolgen seit 1991 seine ungebrochene Leidenschaft f\u00fcr das K\u00fcnstlerbuch. Der Holzschnitt ist ein Hochdruckverfahren, bei dem Hieronymus einen reliefartigen h\u00f6lzernen Druckstock verwendet, um Graphiken zu erzeugen; die so erzeugte einzelne Grafik bezeichnet man als Holzschnitt. Ein Holzschnittbuch ist ein von Holzst\u00f6cken gedrucktes Buch, bei dem die Druckform jeweils f\u00fcr eine ganze Seite mit Bild und\/oder Text aus einer Holztafel geschnitten wurde (Blockdruck). Manchmal wurden Texte nachtr\u00e4glich noch von Hand oder mit Lettern zu den gedruckten Bildern hinzugef\u00fcgt. Die Datierung der europ\u00e4ischen Holzschnittb\u00fccher erstreckt sich auf das 15. Jahrhundert. Von einigen Wissenschaftlern wird sie schon vor der Weiterentwicklung der Buchdruckkunst durch Gutenberg um 1420 angesetzt.<\/p>\n<p style=\"text-align: justify;\">Der Neheimer Hieronymus ist in der N\u00e4he des <a href=\"http:\/\/www.editiondaslabor.de\/blog\/2021\/03\/02\/alter-holzweg\/\"><span style=\"color: #ff0000;\">Alten Holzweg<\/span><\/a><span style=\"color: #ff0000;\">s<\/span> aufgewachsen. In der <em>Werkststattgalerie Der Bogen<\/em> erweckt der K\u00fcnstler mit seiner Arbeit die Erinnerung an die Blockb\u00fccher zu neuem Leben. Die Besonderheit seiner K\u00fcnstlerb\u00fccher liegt darin, dass die bildlichen Darstellungen die \u00dcberhand \u00fcber den Text haben, w\u00e4hrend im Inkunabeldruck der Text dominiert. Es ist daher nicht nur inhaltlich eine Freude, sich seinen B\u00fcchern seit den 1990er Jahren zu widmen, sondern vor allem rein \u00e4sthetisch. Die Abbildungen laden gerade dazu ein, immer wieder seine B\u00fccher aufzuschlagen und einfach nur zu staunen. Das Bl\u00e4ttern in <em>Erwartete Zuf\u00e4lle<\/em> ist\u00a0 ein haptisches Vergn\u00fcgen \u2013 und damit nat\u00fcrlich im Zeitalter des elektronischen Lesens unendlich veraltet. Baum und Buch haben eine unmittelbare materiale Beziehung zueinander. Hieronymus verwebt Natur und Sprache zu einer fein ausbalancierten Textur semantischer und lautlicher Spannungsverh\u00e4ltnisse. Viele farbige wie in schwarz\/weiss gehaltene Abdrucke von Holzschnitten illustrieren das gewaltige Ausma\u00df an Kunstfertigkeit, das dieser K\u00fcnstler in die Produktion von B\u00fcchern gesteckt hat.<\/p>\n<p style=\"text-align: justify;\">\u201eDunkelheit ertragen, im Wissen um das Licht\u201c, mit diesem Gedankensteno enden die Notate, welche das aktuelle Holzschnittbuch begleiten. In Handschrift, was die Exklusivit\u00e4t seines neuen K\u00fcnstlerbuchs gleichsam noch unterstreicht.<\/p>\n<p style=\"text-align: justify;\">Das es sich bei dieser K\u00fcnstlerbuchpr\u00e4sentation um die letzte Ausstellung des <em>GOLEM<\/em> handelt, passt zur Hieronymus&#8216; wechselvoller Karriere. Wenn eines gewiss ist, wir werden auf ein weiteres K\u00fcnstlerbuch nicht lange warten m\u00fcssen.<\/p>\n<p>&nbsp;<\/p>\n<p>&nbsp;<\/p>\n<p style=\"text-align: center;\">***<\/p>\n<p style=\"text-align: justify;\"><strong>Erwartete Zuf\u00e4lle<\/strong> von Haimo Hieronymus. Ausstellungser\u00f6ffnung ab 19:30 Uhr. DER <em>GOLEM<\/em> \u2013 Kultur im Pengel Anton. Lange Wende 30, 59755 <em>Arnsberg- Neheim<\/em><\/p>\n<div id=\"attachment_103869\" style=\"width: 810px\" class=\"wp-caption aligncenter\"><img loading=\"lazy\" decoding=\"async\" aria-describedby=\"caption-attachment-103869\" class=\"wp-image-103869\" src=\"http:\/\/www.editiondaslabor.de\/blog\/wp-content\/uploads\/2023\/02\/Erwartete-Zufa\u0308lle_Hieronymus-300x150.jpg\" alt=\"\" width=\"800\" height=\"401\" \/><p id=\"caption-attachment-103869\" class=\"wp-caption-text\">Holzschnitt von Haimo Hieronymus<\/p><\/div>\n<p style=\"text-align: justify;\"><strong>Weiterf\u00fchrend\u00a0<\/strong><strong>\u2192\u00a0<\/strong><\/p>\n<p style=\"text-align: justify;\">Zum Thema K\u00fcnstlerb\u00fccher finden Sie hier einen <span style=\"color: #ff0000;\"><a style=\"color: #ff0000;\" href=\"http:\/\/www.editiondaslabor.de\/blog\/?p=12840\">Essay<\/a><\/span> sowie ein <span style=\"color: #ff0000;\"><a style=\"color: #ff0000;\" href=\"http:\/\/www.editiondaslabor.de\/blog\/?p=834\">Artikel<\/a><\/span> von J.C. Albers. Vertiefend auch das <span style=\"color: #ff0000;\"><a style=\"color: #ff0000;\" href=\"http:\/\/www.editiondaslabor.de\/blog\/?p=21407\">Kollegengespr\u00e4ch<\/a><\/span> mit Haimo Hieronymus \u00fcber Material, Medium und Faszination des Werkstoffs Papier.<\/p>\n<p style=\"text-align: justify;\">K\u00fcnstlerb\u00fccher verstehen diese Artisten als Physiognomik, der B\u00fcchersammler wird somit zum Physiognomiker der Dingwelt. Die bibliophilen Kostbarkeiten sind erh\u00e4ltlich \u00fcber die Werkstattgalerie Der Bogen, Tel. 0173 7276421<\/p>\n","protected":false},"excerpt":{"rendered":"<p>Das ver\u00e4stelte Lebenswerk von Haimo Hieronymus entwickelte sich \u00fcber die Jahrzehnte hinweg zu einer partizipativen, sozialen Plastik. Im R\u00fcckblick auf sein vielgestaltiges Oeuvre betrachten wir k\u00fcnstlerische Arbeiten, bei denen der Artist in regelm\u00e4\u00dfiger Abfolge eine neue Abzweigung nimmt. Das ist&hellip;<\/p>\n<p class=\"more-link-p\"><a class=\"more-link\" href=\"http:\/\/www.editiondaslabor.de\/blog\/2022\/12\/02\/form-linie-farbe\/\">Read more &rarr;<\/a><\/p>\n","protected":false},"author":257,"featured_media":103869,"comment_status":"closed","ping_status":"closed","sticky":false,"template":"","format":"standard","meta":{"footnotes":""},"categories":[1],"tags":[44],"class_list":["post-104190","post","type-post","status-publish","format-standard","has-post-thumbnail","hentry","category-literatur","tag-haimo-hieronymus"],"_links":{"self":[{"href":"http:\/\/www.editiondaslabor.de\/blog\/wp-json\/wp\/v2\/posts\/104190","targetHints":{"allow":["GET"]}}],"collection":[{"href":"http:\/\/www.editiondaslabor.de\/blog\/wp-json\/wp\/v2\/posts"}],"about":[{"href":"http:\/\/www.editiondaslabor.de\/blog\/wp-json\/wp\/v2\/types\/post"}],"author":[{"embeddable":true,"href":"http:\/\/www.editiondaslabor.de\/blog\/wp-json\/wp\/v2\/users\/257"}],"replies":[{"embeddable":true,"href":"http:\/\/www.editiondaslabor.de\/blog\/wp-json\/wp\/v2\/comments?post=104190"}],"version-history":[{"count":4,"href":"http:\/\/www.editiondaslabor.de\/blog\/wp-json\/wp\/v2\/posts\/104190\/revisions"}],"predecessor-version":[{"id":104265,"href":"http:\/\/www.editiondaslabor.de\/blog\/wp-json\/wp\/v2\/posts\/104190\/revisions\/104265"}],"wp:featuredmedia":[{"embeddable":true,"href":"http:\/\/www.editiondaslabor.de\/blog\/wp-json\/wp\/v2\/media\/103869"}],"wp:attachment":[{"href":"http:\/\/www.editiondaslabor.de\/blog\/wp-json\/wp\/v2\/media?parent=104190"}],"wp:term":[{"taxonomy":"category","embeddable":true,"href":"http:\/\/www.editiondaslabor.de\/blog\/wp-json\/wp\/v2\/categories?post=104190"},{"taxonomy":"post_tag","embeddable":true,"href":"http:\/\/www.editiondaslabor.de\/blog\/wp-json\/wp\/v2\/tags?post=104190"}],"curies":[{"name":"wp","href":"https:\/\/api.w.org\/{rel}","templated":true}]}}