{"id":104121,"date":"2003-12-28T15:47:21","date_gmt":"2003-12-28T14:47:21","guid":{"rendered":"http:\/\/www.editiondaslabor.de\/blog\/?p=104121"},"modified":"2022-10-19T15:50:15","modified_gmt":"2022-10-19T13:50:15","slug":"fluchtraum","status":"publish","type":"post","link":"http:\/\/www.editiondaslabor.de\/blog\/2003\/12\/28\/fluchtraum\/","title":{"rendered":"FLUCHTRAUM"},"content":{"rendered":"<p>&nbsp;<\/p>\n<p style=\"text-align: justify;\">ich gerate unterwegs auf der stra\u00dfe in einen gewitterregen und fliehe in ein buchgesch\u00e4ft, das ich zuvor noch nie betreten hatte. ich schaue mir die b\u00fccherregale an, um die zeit zu \u00fcberbr\u00fccken, bis der regen aufh\u00f6rt. dabei finde ich kein einziges buch, das mich interessieren k\u00f6nnte. au\u00dferdem werde ich von einem mir unbekannten buchverk\u00e4ufer mittleren alters beobachtet, der offenbar, zumal aufgrund meines durchn\u00e4\u00dften aussehens, glaubt, ich wolle b\u00fccher stehlen. als ich den laden verlasse, sehe ich unmittelbar vor mir einen blitz einschlagen, der einen krater in den asphalt rei\u00dft. ich verliere das gleichgewicht, st\u00fcrze in die tiefe und werde versch\u00fcttet.<\/p>\n<p>&nbsp;<\/p>\n<p>&nbsp;<\/p>\n<p style=\"text-align: center;\">***<\/p>\n<p style=\"text-align: justify;\"><strong>Traumnotate<\/strong> von Holger Benkel, KUNO, 2003<\/p>\n<div style=\"width: 186px\" class=\"wp-caption alignleft\"><img loading=\"lazy\" decoding=\"async\" class=\"attachment-266x266\" src=\"http:\/\/www.editiondaslabor.de\/blog\/wp-content\/uploads\/2019\/08\/Goya.jpg\" alt=\"\" width=\"176\" height=\"266\" \/><p class=\"wp-caption-text\">Radierung von Francisco de Goya<\/p><\/div>\n<p style=\"text-align: justify;\">Die Frage nach der besonderen Kompetenz der Dichter f\u00fcr die Sprache und die Botschaft der Tr\u00e4ume wurde durch Siegmund Freud fundamental neu gestellt. Im 21. Jahrhundert ist die Akzeptanz des Tr\u00e4umens und des Tagtr\u00e4umens weitaus gr\u00f6\u00dfer als noch vor hundert Jahren. Tr\u00e4umen wird nicht mehr nur den Schamanen oder Dichter-Sehern, als bedeutsam zugemessen, sondern praktisch jedermann. Gleichwohl wird den Dichtern noch immer eine &#8218;eigene&#8216; Kompetenz auf dem Gebiet des Traums zugesprochen &#8211; Freud sah sie sogar als seine Gew\u00e4hrsm\u00e4nner an, mit Modellanalysen versuchte er diese Kompetenz zu best\u00e4tigen. Die <em>Traumnotate<\/em> von Holger Benkel sind von \u00fcbern\u00e4chtigter, schillernd scharfkantiger Komplexit\u00e4t.<\/p>\n<p style=\"text-align: justify;\"><b>Weiterf\u00fchrend <\/b><b>\u2192<\/b><\/p>\n<p style=\"text-align: justify;\">In einem <a href=\"http:\/\/www.editiondaslabor.de\/blog\/?p=29373\">Kollegengespr\u00e4ch<\/a> ergr\u00fcndeln Holger Benkel und A.J. Weigoni das Wesen der Poesie &#8211; und ihr allm\u00e4hliches Verschwinden. Das erste Kollegengespr\u00e4ch zwischen Holger Benkel und Weigoni finden Sie <a href=\"http:\/\/www.editiondaslabor.de\/blog\/?p=29373\">hier<\/a>.<\/p>\n","protected":false},"excerpt":{"rendered":"<p>&nbsp; ich gerate unterwegs auf der stra\u00dfe in einen gewitterregen und fliehe in ein buchgesch\u00e4ft, das ich zuvor noch nie betreten hatte. ich schaue mir die b\u00fccherregale an, um die zeit zu \u00fcberbr\u00fccken, bis der regen aufh\u00f6rt. dabei finde ich&hellip;<\/p>\n<p class=\"more-link-p\"><a class=\"more-link\" href=\"http:\/\/www.editiondaslabor.de\/blog\/2003\/12\/28\/fluchtraum\/\">Read more &rarr;<\/a><\/p>\n","protected":false},"author":36,"featured_media":97946,"comment_status":"closed","ping_status":"closed","sticky":false,"template":"","format":"standard","meta":{"footnotes":""},"categories":[1],"tags":[94],"class_list":["post-104121","post","type-post","status-publish","format-standard","has-post-thumbnail","hentry","category-literatur","tag-holger-benkel"],"_links":{"self":[{"href":"http:\/\/www.editiondaslabor.de\/blog\/wp-json\/wp\/v2\/posts\/104121","targetHints":{"allow":["GET"]}}],"collection":[{"href":"http:\/\/www.editiondaslabor.de\/blog\/wp-json\/wp\/v2\/posts"}],"about":[{"href":"http:\/\/www.editiondaslabor.de\/blog\/wp-json\/wp\/v2\/types\/post"}],"author":[{"embeddable":true,"href":"http:\/\/www.editiondaslabor.de\/blog\/wp-json\/wp\/v2\/users\/36"}],"replies":[{"embeddable":true,"href":"http:\/\/www.editiondaslabor.de\/blog\/wp-json\/wp\/v2\/comments?post=104121"}],"version-history":[{"count":1,"href":"http:\/\/www.editiondaslabor.de\/blog\/wp-json\/wp\/v2\/posts\/104121\/revisions"}],"predecessor-version":[{"id":104122,"href":"http:\/\/www.editiondaslabor.de\/blog\/wp-json\/wp\/v2\/posts\/104121\/revisions\/104122"}],"wp:featuredmedia":[{"embeddable":true,"href":"http:\/\/www.editiondaslabor.de\/blog\/wp-json\/wp\/v2\/media\/97946"}],"wp:attachment":[{"href":"http:\/\/www.editiondaslabor.de\/blog\/wp-json\/wp\/v2\/media?parent=104121"}],"wp:term":[{"taxonomy":"category","embeddable":true,"href":"http:\/\/www.editiondaslabor.de\/blog\/wp-json\/wp\/v2\/categories?post=104121"},{"taxonomy":"post_tag","embeddable":true,"href":"http:\/\/www.editiondaslabor.de\/blog\/wp-json\/wp\/v2\/tags?post=104121"}],"curies":[{"name":"wp","href":"https:\/\/api.w.org\/{rel}","templated":true}]}}