{"id":10400,"date":"2009-06-29T00:01:46","date_gmt":"2009-06-28T22:01:46","guid":{"rendered":"http:\/\/www.editiondaslabor.de\/blog\/?p=10400"},"modified":"2021-10-04T19:42:50","modified_gmt":"2021-10-04T17:42:50","slug":"schalen","status":"publish","type":"post","link":"http:\/\/www.editiondaslabor.de\/blog\/2009\/06\/29\/schalen\/","title":{"rendered":"SCHALEN"},"content":{"rendered":"<p align=\"center\">\u00a0zerteilt die wunde die kuppel der brust<\/p>\n<p align=\"center\">birgt das knochendach den kopf<\/p>\n<p align=\"center\">fliegt ein schwarm st\u00fcmpfe<\/p>\n<p align=\"center\">\u00a0der klippe der schulter entgegen<\/p>\n<p align=\"center\">h\u00e4ngt der mantel der ersch\u00f6pften haut<\/p>\n<p align=\"center\">\u00fcberm schacht des leibes<\/p>\n<p align=\"center\">\u00a0streckt sich der fu\u00df im gliederscho\u00df<\/p>\n<p align=\"center\">\u00a0in der bremsspur des schorfes<\/p>\n<p align=\"center\">ist das becken grab und kelch<\/p>\n<p align=\"center\">dr\u00f6hnt der samen im sch\u00e4del um mich zu taufen<\/p>\n<p align=\"center\">f\u00f6rdert aderla\u00df wucher zutage steigt die sonne<\/p>\n<p align=\"center\">\u00a0ans ufer der haut sinken die lippen hinab<\/p>\n<p align=\"center\">\u00a0zur halbwelt der austern falten die h\u00e4nde sich<\/p>\n<p align=\"center\">pre\u00df ich mich hervor wie einen keim<\/p>\n<p align=\"center\">\u00a0heb ich die schale zum mund unter der stirn<\/p>\n<p style=\"text-align: center;\">zwischen den augen tauch ich hinab<\/p>\n<p>&nbsp;<\/p>\n<p>&nbsp;<\/p>\n<p style=\"text-align: center;\">***<\/p>\n<p style=\"text-align: justify;\"><a href=\"http:\/\/www.editiondaslabor.de\/blog\/wp-content\/uploads\/2013\/12\/mei\u00dfel.jpg\"><img loading=\"lazy\" decoding=\"async\" class=\"alignleft size-full wp-image-12882\" src=\"http:\/\/www.editiondaslabor.de\/blog\/wp-content\/uploads\/2013\/12\/mei\u00dfel.jpg\" alt=\"\" width=\"162\" height=\"240\" \/><\/a><strong>mei\u00dfelbrut<\/strong>.\u00a0<em>Gedichte<\/em>, mit siebzehn Holzschnitten von Sabine Kunz und einem Nachwort von Volker Drube, Dr. Ziethen Verlag, Oschersleben 2009.<\/p>\n<p style=\"text-align: justify;\">Mehr zu diesem\u00a0<a href=\"http:\/\/www.editiondaslabor.de\/blog\/?p=7591\">Buch<\/a>\u00a0auf KUNO.<\/p>\n<p style=\"text-align: justify;\">Weiterhin lieferbar:<\/p>\n<div style=\"text-align: justify;\"><strong>Gedanken, die um Ecken biegen<\/strong>, Aphorismen von Holger Benkel,\u00a0<a href=\"http:\/\/www.editiondaslabor.de\/\">Edition Das Labor<\/a>, M\u00fclheim 2013.<\/div>\n","protected":false},"excerpt":{"rendered":"<p>\u00a0zerteilt die wunde die kuppel der brust birgt das knochendach den kopf fliegt ein schwarm st\u00fcmpfe \u00a0der klippe der schulter entgegen h\u00e4ngt der mantel der ersch\u00f6pften haut \u00fcberm schacht des leibes \u00a0streckt sich der fu\u00df im gliederscho\u00df \u00a0in der bremsspur&hellip;<\/p>\n<p class=\"more-link-p\"><a class=\"more-link\" href=\"http:\/\/www.editiondaslabor.de\/blog\/2009\/06\/29\/schalen\/\">Read more &rarr;<\/a><\/p>\n","protected":false},"author":36,"featured_media":12882,"comment_status":"open","ping_status":"open","sticky":false,"template":"","format":"standard","meta":{"footnotes":""},"categories":[1],"tags":[94],"class_list":["post-10400","post","type-post","status-publish","format-standard","has-post-thumbnail","hentry","category-literatur","tag-holger-benkel"],"_links":{"self":[{"href":"http:\/\/www.editiondaslabor.de\/blog\/wp-json\/wp\/v2\/posts\/10400","targetHints":{"allow":["GET"]}}],"collection":[{"href":"http:\/\/www.editiondaslabor.de\/blog\/wp-json\/wp\/v2\/posts"}],"about":[{"href":"http:\/\/www.editiondaslabor.de\/blog\/wp-json\/wp\/v2\/types\/post"}],"author":[{"embeddable":true,"href":"http:\/\/www.editiondaslabor.de\/blog\/wp-json\/wp\/v2\/users\/36"}],"replies":[{"embeddable":true,"href":"http:\/\/www.editiondaslabor.de\/blog\/wp-json\/wp\/v2\/comments?post=10400"}],"version-history":[{"count":0,"href":"http:\/\/www.editiondaslabor.de\/blog\/wp-json\/wp\/v2\/posts\/10400\/revisions"}],"wp:featuredmedia":[{"embeddable":true,"href":"http:\/\/www.editiondaslabor.de\/blog\/wp-json\/"}],"wp:attachment":[{"href":"http:\/\/www.editiondaslabor.de\/blog\/wp-json\/wp\/v2\/media?parent=10400"}],"wp:term":[{"taxonomy":"category","embeddable":true,"href":"http:\/\/www.editiondaslabor.de\/blog\/wp-json\/wp\/v2\/categories?post=10400"},{"taxonomy":"post_tag","embeddable":true,"href":"http:\/\/www.editiondaslabor.de\/blog\/wp-json\/wp\/v2\/tags?post=10400"}],"curies":[{"name":"wp","href":"https:\/\/api.w.org\/{rel}","templated":true}]}}