{"id":103944,"date":"1989-08-01T00:01:08","date_gmt":"1989-07-31T22:01:08","guid":{"rendered":"http:\/\/www.editiondaslabor.de\/blog\/?p=103944"},"modified":"2026-01-21T11:53:59","modified_gmt":"2026-01-21T10:53:59","slug":"the-last-pop-songs","status":"publish","type":"post","link":"http:\/\/www.editiondaslabor.de\/blog\/1989\/08\/01\/the-last-pop-songs\/","title":{"rendered":"The last pop-songs"},"content":{"rendered":"<p>&nbsp;<\/p>\r\n<div id=\"attachment_103945\" style=\"width: 334px\" class=\"wp-caption aligncenter\"><img loading=\"lazy\" decoding=\"async\" aria-describedby=\"caption-attachment-103945\" class=\"wp-image-103945 size-large\" src=\"http:\/\/www.editiondaslabor.de\/blog\/wp-content\/uploads\/2022\/08\/MarionHaberstroh_FrankMichaelis-324x500.jpg\" alt=\"\" width=\"324\" height=\"500\" \/><p id=\"caption-attachment-103945\" class=\"wp-caption-text\">Marion Haberstroh und Frank Michaelis<\/p><\/div>\r\n<p>&nbsp;<\/p>\r\n<div class=\"Y3BBE\" style=\"text-align: justify;\" data-sfc-cp=\"\" data-hveid=\"CAEIAxAA\" data-complete=\"true\" data-processed=\"true\">In den 1980er-Jahren fungierte die Musikkassette (MC) als das erste soziale Medium der Musikgeschichte. Abseits der teuren Vinyl-Produktion bot sie K\u00fcnstlern die v\u00f6llige Unabh\u00e4ngigkeit von Major-Labels. D\u00fcsseldorf, gepr\u00e4gt durch die Kunstakademie, wurde zum fruchtbaren Boden f\u00fcr diesen \u201eDo-it-yourself\u201c-Geist.<\/div>\r\n<div style=\"text-align: justify;\" data-sfc-cp=\"\" data-hveid=\"CAEIAxAA\" data-complete=\"true\" data-processed=\"true\">\u00a0<\/div>\r\n<div class=\"Y3BBE\" style=\"text-align: justify;\" data-sfc-cp=\"\" data-hveid=\"CAEIAxAA\" data-complete=\"true\" data-processed=\"true\"><span class=\"T286Pc\" data-sfc-cp=\"\" data-complete=\"true\">Pionierarbeit leisteten Labels wie KLAR! 80, gegr\u00fcndet von Rainer Rabowski, das zwischen 1980 und 1982 zur zentralen Anlaufstelle f\u00fcr experimentelle Elektronik und New Wave wurde. In diesem Umfeld entstanden Kleinstauflagen, die heute als Rarit\u00e4ten gelten.<\/span><\/div>\r\n<div style=\"text-align: justify;\" data-sfc-cp=\"\" data-hveid=\"CAEIAxAA\" data-complete=\"true\" data-processed=\"true\">\u00a0<\/div>\r\n<div class=\"Y3BBE\" style=\"text-align: justify;\" data-sfc-cp=\"\" data-hveid=\"CAEIAxAA\" data-complete=\"true\" data-processed=\"true\"><span class=\"T286Pc\" data-sfc-cp=\"\" data-complete=\"true\">Beeinflusst von Punk und den \u201eGenialen Dilletanten\u201c, wurde die Kassette zum Werkzeug f\u00fcr Klangexperimente. Es ging nicht um Perfektion, sondern um den unmittelbaren Ausdruck. Die H\u00f6rspielerei von Weigoni und Michaelis bei <em>Instant Music<\/em> f\u00fchrt diese Tradition fort, indem sie Text und Klangcollage auf intime Weise verbindet.<\/span><\/div>\r\n<div style=\"text-align: justify;\" data-sfc-cp=\"\" data-hveid=\"CAEIAxAA\" data-complete=\"true\" data-processed=\"true\">\u00a0<\/div>\r\n<div class=\"Y3BBE\" style=\"text-align: justify;\" data-sfc-cp=\"\" data-hveid=\"CAEIAxAA\" data-complete=\"true\" data-processed=\"true\">Projekte wie \u201eThe last pop-songs\u201c zeigen, dass der Geist des D\u00fcsseldorfer Untergrunds \u2013 die Symbiose aus Literatur, Performance und Lo-Fi-Elektronik \u2013 lebendig bleibt. Die Stadt bewahrt ihre Rolle als Innovationsmotor f\u00fcr unabh\u00e4ngige Labels, wie die fortlaufende Arbeit lokaler Plattformen beweist.<\/div>\r\n<div data-sfc-cp=\"\" data-hveid=\"CAEIAxAA\" data-complete=\"true\" data-processed=\"true\">\u00a0<\/div>\r\n<p class=\"has-text-align-center\" style=\"text-align: center;\">***<\/p>\r\n<!-- \/wp:post-content -->\r\n\r\n<!-- wp:paragraph -->\r\n<p style=\"text-align: justify;\"><strong>The last pop-songs<\/strong>, von A.J. Weigoni und Frank Michaelis (mit\u00a0Marion Haberstroh und Andy Schulz) bei <em>instant music<\/em>, D\u00fcsseldorf 1989<\/p>\r\n<p style=\"text-align: justify;\"><!-- \/wp:paragraph -->\r\n\r\n<!-- wp:paragraph --><\/p>\r\n<p style=\"text-align: justify;\">Die Aufnahme ist in HiFi-Stereo-Qualit\u00e4t erh\u00e4ltlich \u00fcber:\u00a0 info@tonstudio-an-der-ruhr.de<\/p>\r\n<div id=\"attachment_100922\" style=\"width: 216px\" class=\"wp-caption alignleft\"><img loading=\"lazy\" decoding=\"async\" aria-describedby=\"caption-attachment-100922\" class=\"wp-image-100922 size-full\" src=\"http:\/\/www.editiondaslabor.de\/blog\/wp-content\/uploads\/1989\/01\/The-last-pop-songs-e1645945401587.jpeg\" alt=\"\" width=\"206\" height=\"300\" \/><p id=\"caption-attachment-100922\" class=\"wp-caption-text\">Photo: Anja Roth<\/p><\/div>\r\n<p style=\"text-align: justify;\">Wie das englische Wort lyrics (f\u00fcr Liedtext) verr\u00e4t, basierten die antiken Vorl\u00e4ufer der Popmusik auf Texten, die zu den Kl\u00e4ngen der Lyra vorgetragen wurden. Tonmeister <a href=\"http:\/\/www.editiondaslabor.de\/blog\/?p=6174\">Tom T\u00e4ger<\/a> hat das 1989 produzierte Tape <em>the last pop-songs<\/em> (vom <a href=\"http:\/\/de.wikipedia.org\/wiki\/Digital_Audio_Tape\">DAT<\/a>) digital remastered. Sie h\u00f6ren ein Denkspiel \u00fcber Pop, das selbst Pop ist, weil es Pop als k\u00f6rperverwandelndes Medium versteht und Popgeschichte als Mediengeschichte. <a href=\"http:\/\/www.vordenker.de\/metaphon.htm\">MetaPhon<\/a> pr\u00e4sentiert in der Reihe <em>Revisited<\/em> einen R\u00fcckblick auf &#8222;The Best Of Jugends\u00fcnden&#8220;.<\/p>\r\n<p style=\"text-align: justify;\"><strong>Weiterf\u00fchrend<\/strong> <strong>\u2192 <\/strong>Widmen wir uns dem Gau dieses Mediums, dem <em><a href=\"http:\/\/www.editiondaslabor.de\/blog\/1999\/03\/21\/welttag-der-poesie-3\/\">Bandsalat<\/a>. <\/em>Zur\u00fcck in die Zunkunft des\u00a0<a href=\"http:\/\/www.editiondaslabor.de\/blog\/2023\/08\/27\/lost-and-found-im-underground\/\"><em>Cassettenlabels<\/em><\/a><em>. <\/em>Und abschliessend ein <a href=\"http:\/\/www.editiondaslabor.de\/blog\/2023\/08\/31\/ohrenzwinkern\/\">Ohrenzwinkern<\/a>.<\/p>","protected":false},"excerpt":{"rendered":"<p>&nbsp; &nbsp; In den 1980er-Jahren fungierte die Musikkassette (MC) als das erste soziale Medium der Musikgeschichte. Abseits der teuren Vinyl-Produktion bot sie K\u00fcnstlern die v\u00f6llige Unabh\u00e4ngigkeit von Major-Labels. D\u00fcsseldorf, gepr\u00e4gt durch die Kunstakademie, wurde zum fruchtbaren Boden f\u00fcr diesen \u201eDo-it-yourself\u201c-Geist.&hellip;<\/p>\n<p class=\"more-link-p\"><a class=\"more-link\" href=\"http:\/\/www.editiondaslabor.de\/blog\/1989\/08\/01\/the-last-pop-songs\/\">Read more &rarr;<\/a><\/p>\n","protected":false},"author":257,"featured_media":103945,"comment_status":"closed","ping_status":"closed","sticky":false,"template":"","format":"standard","meta":{"footnotes":""},"categories":[1],"tags":[628,1555,1152,1151,4610],"class_list":["post-103944","post","type-post","status-publish","format-standard","has-post-thumbnail","hentry","category-literatur","tag-a-j-weigoni","tag-andy-schulz","tag-frank-michaelis","tag-marion-haberstroh","tag-rainer-rabowski"],"_links":{"self":[{"href":"http:\/\/www.editiondaslabor.de\/blog\/wp-json\/wp\/v2\/posts\/103944","targetHints":{"allow":["GET"]}}],"collection":[{"href":"http:\/\/www.editiondaslabor.de\/blog\/wp-json\/wp\/v2\/posts"}],"about":[{"href":"http:\/\/www.editiondaslabor.de\/blog\/wp-json\/wp\/v2\/types\/post"}],"author":[{"embeddable":true,"href":"http:\/\/www.editiondaslabor.de\/blog\/wp-json\/wp\/v2\/users\/257"}],"replies":[{"embeddable":true,"href":"http:\/\/www.editiondaslabor.de\/blog\/wp-json\/wp\/v2\/comments?post=103944"}],"version-history":[{"count":3,"href":"http:\/\/www.editiondaslabor.de\/blog\/wp-json\/wp\/v2\/posts\/103944\/revisions"}],"predecessor-version":[{"id":107038,"href":"http:\/\/www.editiondaslabor.de\/blog\/wp-json\/wp\/v2\/posts\/103944\/revisions\/107038"}],"wp:featuredmedia":[{"embeddable":true,"href":"http:\/\/www.editiondaslabor.de\/blog\/wp-json\/wp\/v2\/media\/103945"}],"wp:attachment":[{"href":"http:\/\/www.editiondaslabor.de\/blog\/wp-json\/wp\/v2\/media?parent=103944"}],"wp:term":[{"taxonomy":"category","embeddable":true,"href":"http:\/\/www.editiondaslabor.de\/blog\/wp-json\/wp\/v2\/categories?post=103944"},{"taxonomy":"post_tag","embeddable":true,"href":"http:\/\/www.editiondaslabor.de\/blog\/wp-json\/wp\/v2\/tags?post=103944"}],"curies":[{"name":"wp","href":"https:\/\/api.w.org\/{rel}","templated":true}]}}